{"id":242378,"date":"2023-12-29T13:16:58","date_gmt":"2023-12-29T13:16:58","guid":{"rendered":"https:\/\/depocarsandcoffee.cz\/?p=242378"},"modified":"2025-08-08T13:15:47","modified_gmt":"2025-08-08T13:15:47","slug":"toyota-gr-yaris-snow-gravel-spec","status":"publish","type":"post","link":"https:\/\/depocarsandcoffee.cz\/en\/depo\/toyota-gr-yaris-snow-gravel-spec\/","title":{"rendered":"TOYOTA GR YARIS \u2013 SNOW\/GRAVEL SPEC"},"content":{"rendered":"<p><strong>GR Yaris je pomysln\u00fd n\u00e1stupce ikonick\u00fdch \u010dty\u0159kolek WRX STI a Lancer Evolution. M\u00e1 sice \u201ejen\u201c t\u0159\u00edv\u00e1lcov\u00fd p\u0159epl\u0148ovan\u00fd motor, trochu ne\u0161\u0165astn\u00e9 rozlo\u017een\u00ed hmotnosti a jeho pohon v\u0161ech kol s lamelovou spojkou nen\u00ed dokonale \u010diteln\u00fd. P\u0159esto je to senza\u010dn\u00ed z\u00e1klad pro hobby rally auto!<\/strong><\/p>\n\n\n\n<p>Po v\u00edce ne\u017e dvou letech intenzivn\u00edho testov\u00e1n\u00ed na z\u00e1vodn\u00edch okruz\u00edch, asfaltov\u00fdch silnic\u00edch, sn\u011bhu a \u0161otolin\u011b p\u0159esn\u011b v\u00edme, jak\u00e9 \u00fapravy a vylep\u0161en\u00ed maj\u00ed pro GR Yaris skute\u010dn\u00fd smysl. Jak asi spr\u00e1vn\u011b tu\u0161\u00edte, tato kompaktn\u00ed \u010dty\u0159kolka v tov\u00e1rn\u00edm nastaven\u00ed funguje velmi dob\u0159e na n\u00e1ro\u010dn\u00fdch asfaltov\u00fdch silnic\u00edch a sn\u011bhu. Ano, h\u00e1d\u00e1te spr\u00e1vn\u011b! Pr\u00e1v\u011b na \u010desk\u00fdch rozbit\u00fdch okresk\u00e1ch s \u010dasto kluzk\u00fdm povrchem je jako doma.<\/p>\n\n\n\n<p>Naopak v hork\u00fdch letn\u00edch dnech na z\u00e1vodn\u00edm okruhu vysloven\u011b trp\u00ed. Existuje v\u0161ak cesta, jak GR Yaris efektivn\u011b a docela levn\u011b p\u0159ipravit pro trackdays, ale popravd\u011b ten spr\u00e1vn\u00fd sm\u011br jsou \u00fazk\u00e9 klikat\u00e9 okresky, sn\u00edh nebo \u0161otolina. Proto jsme se po n\u011bkolika testech na Nordschleife okruhu N\u00fcrburgring, Autodromu Most nebo Slovakia Ringu rozhodli j\u00edt zp\u011bt ke \u201eko\u0159en\u016fm\u201c a pos\u00edlit siln\u00e9 str\u00e1nky GR Yarise sm\u011brem k rally stylu, kter\u00fd je za n\u00e1s bezesporu ten spr\u00e1vn\u00fd!<\/p>\n\n\n\n<blockquote class=\"wp-block-quote is-layout-flow wp-block-quote-is-layout-flow\">\n<p><strong><em>Zkr\u00e1tka vytvo\u0159ili jsme takov\u00e9 \u201ehobby\u201c rally auto, kter\u00e9 slou\u017e\u00ed jako testovac\u00ed laborato\u0159 komponent nab\u00edzen\u00fdch na\u0161im z\u00e1kazn\u00edk\u016fm!<\/em><\/strong><\/p>\n<\/blockquote>\n\n\n\n<p>Proto\u017ee v\u0161e, co d\u011bl\u00e1me, bereme skute\u010dn\u011b v\u00e1\u017en\u011b, za\u010dali jsem \u00fapln\u011b od za\u010d\u00e1tku. Na\u0161eho testovac\u00edho GR Yarise jsme vybavili plnohodnotn\u00fdm bezpe\u010dnostn\u00edm r\u00e1mem s homologac\u00ed FIA, hydraulickou ru\u010dn\u00ed brzdou, lamelov\u00fdm samosvorn\u00fdm diferenci\u00e1lem, zak\u00e1zkov\u00fdmi tlumi\u010di a pru\u017einami \u00d6hlins, odleh\u010dili jsme interi\u00e9r, zv\u00fd\u0161ili v\u00fdkon na 340 kon\u00ed zm\u011b\u0159en\u00fdch na motorov\u00e9 brzd\u011b a celkov\u011b naladili auto pro j\u00edzdy na \u0161otolin\u011b a sn\u011bhu. Zkr\u00e1tka vytvo\u0159ili jsme takov\u00e9 \u201ehobby\u201c rally auto, kter\u00e9 slou\u017e\u00ed jako testovac\u00ed laborato\u0159 komponent nab\u00edzen\u00fdch na\u0161im z\u00e1kazn\u00edk\u016fm.<\/p>\n\n\n\n<figure class=\"wp-block-gallery has-nested-images columns-default is-cropped wp-block-gallery-1 is-layout-flex wp-block-gallery-is-layout-flex\">\n<figure class=\"wp-block-image size-large is-style-default\"><img loading=\"lazy\" decoding=\"async\" width=\"1024\" height=\"683\" data-id=\"242416\" src=\"https:\/\/depocarsandcoffee.cz\/wp-content\/uploads\/2023\/12\/IMG_6537-1024x683.jpg\" alt=\"Toyota GR Yaris rally test na sn\u011bhu\" class=\"wp-image-242416\" srcset=\"https:\/\/depocarsandcoffee.cz\/wp-content\/uploads\/2023\/12\/IMG_6537-980x653.jpg 980w, https:\/\/depocarsandcoffee.cz\/wp-content\/uploads\/2023\/12\/IMG_6537-480x320.jpg 480w\" sizes=\"auto, (min-width: 0px) and (max-width: 480px) 480px, (min-width: 481px) and (max-width: 980px) 980px, (min-width: 981px) 1024px, 100vw\" \/><\/figure>\n\n\n\n<figure class=\"wp-block-image size-large\"><img loading=\"lazy\" decoding=\"async\" width=\"1024\" height=\"683\" data-id=\"242381\" src=\"https:\/\/depocarsandcoffee.cz\/wp-content\/uploads\/2023\/12\/DZ7_2668-1024x683.jpg\" alt=\"\" class=\"wp-image-242381\" srcset=\"https:\/\/depocarsandcoffee.cz\/wp-content\/uploads\/2023\/12\/DZ7_2668-980x653.jpg 980w, https:\/\/depocarsandcoffee.cz\/wp-content\/uploads\/2023\/12\/DZ7_2668-480x320.jpg 480w\" sizes=\"auto, (min-width: 0px) and (max-width: 480px) 480px, (min-width: 481px) and (max-width: 980px) 980px, (min-width: 981px) 1024px, 100vw\" \/><\/figure>\n\n\n\n<figure class=\"wp-block-image size-large\"><img loading=\"lazy\" decoding=\"async\" width=\"1024\" height=\"683\" data-id=\"242419\" src=\"https:\/\/depocarsandcoffee.cz\/wp-content\/uploads\/2023\/12\/DSC_5890-1024x683.jpg\" alt=\"\" class=\"wp-image-242419\" srcset=\"https:\/\/depocarsandcoffee.cz\/wp-content\/uploads\/2023\/12\/DSC_5890-980x653.jpg 980w, https:\/\/depocarsandcoffee.cz\/wp-content\/uploads\/2023\/12\/DSC_5890-480x320.jpg 480w\" sizes=\"auto, (min-width: 0px) and (max-width: 480px) 480px, (min-width: 481px) and (max-width: 980px) 980px, (min-width: 981px) 1024px, 100vw\" \/><\/figure>\n<\/figure>\n\n\n\n<p><\/p>\n\n\n\n<p>Cesta to byla trnit\u00e1, trvala spoustu \u010dasu a zahrnovala i n\u011bkter\u00e1 ne\u0161\u0165astn\u00e1 \u0159e\u0161en\u00ed. Z\u00e1rove\u0148 jsme se ale spoustu u\u017eite\u010dn\u00fdch a d\u016fle\u017eit\u00fdch v\u011bc\u00ed nau\u010dili. V\u00fdsledkem je mimo\u0159\u00e1dn\u011b z\u00e1bavn\u00e9, ovladateln\u00e9 a spolehliv\u00e9 auto s homologac\u00ed pro silni\u010dn\u00ed provoz. V\u0161echna \u0159e\u0161en\u00ed a komponenty pou\u017eit\u00e9 na na\u0161em aut\u011b lze nyn\u00ed zakoupit jako hotov\u00fd bal\u00ed\u010dek nebo jednotliv\u011b. Ka\u017ed\u00e1 jednotliv\u00e1 sou\u010d\u00e1stka, kterou na na\u0161em aut\u011b pou\u017e\u00edv\u00e1me, d\u00e1v\u00e1 smysl, zlep\u0161uje j\u00edzdn\u00ed vlastnosti nebo feeling z \u0159\u00edzen\u00ed auta.<br><\/p>\n\n\n\n<blockquote class=\"wp-block-quote is-layout-flow wp-block-quote-is-layout-flow\">\n<p><strong><em>Ka\u017ed\u00e1 jednotliv\u00e1 sou\u010d\u00e1stka, kterou na na\u0161em aut\u011b pou\u017e\u00edv\u00e1me, d\u00e1v\u00e1 smysl, zlep\u0161uje j\u00edzdn\u00ed vlastnosti nebo feeling z \u0159\u00edzen\u00ed auta!<\/em><\/strong><\/p>\n\n\n\n<p><\/p>\n<\/blockquote>\n\n\n\n<p>Aktu\u00e1ln\u011b m\u00e1me v nab\u00eddce n\u011bkolik \u0159e\u0161en\u00ed pro r\u016fzn\u00e9 aplikace, od jednoduch\u00fdch \u00faprav a\u017e po kompletn\u00ed p\u0159estavby pro pou\u017eit\u00ed na z\u00e1vodn\u00edm okruhu, asfaltov\u00fdch, \u0161otolinov\u00fdch nebo sn\u011bhov\u00fdch trat\u00edch. Pro individu\u00e1ln\u00ed popt\u00e1vky n\u00e1s kontaktuj na e-mailov\u00e9 adrese: info@depocarsandcoffee.cz<\/p>","protected":false},"excerpt":{"rendered":"<p>GR Yaris je pomysln\u00fd n\u00e1stupce ikonick\u00fdch \u010dty\u0159kolek WRX STI a Lancer Evolution. M\u00e1 sice \u201ejen\u201c t\u0159\u00edv\u00e1lcov\u00fd p\u0159epl\u0148ovan\u00fd motor, trochu ne\u0161\u0165astn\u00e9 rozlo\u017een\u00ed hmotnosti a jeho pohon v\u0161ech kol s lamelovou spojkou nen\u00ed dokonale \u010diteln\u00fd. P\u0159esto je to senza\u010dn\u00ed z\u00e1klad pro hobby rally auto! Po v\u00edce ne\u017e dvou letech intenzivn\u00edho testov\u00e1n\u00ed na z\u00e1vodn\u00edch okruz\u00edch, asfaltov\u00fdch silnic\u00edch, sn\u011bhu [&hellip;]<\/p>\n","protected":false},"author":2,"featured_media":242379,"comment_status":"closed","ping_status":"closed","sticky":false,"template":"","format":"standard","meta":{"_et_pb_use_builder":"off","_et_pb_old_content":"","_et_gb_content_width":"1080","footnotes":""},"categories":[12],"tags":[],"class_list":["post-242378","post","type-post","status-publish","format-standard","has-post-thumbnail","hentry","category-depo"],"yoast_head":"<!-- This site is optimized with the Yoast SEO plugin v27.0 - https:\/\/yoast.com\/product\/yoast-seo-wordpress\/ -->\n<title>TOYOTA GR YARIS \u2013 SNOW\/GRAVEL SPEC - DEPO Cars &amp; Coffee<\/title>\n<meta name=\"robots\" content=\"index, follow, max-snippet:-1, max-image-preview:large, max-video-preview:-1\" \/>\n<link rel=\"canonical\" href=\"https:\/\/depocarsandcoffee.cz\/en\/depo\/toyota-gr-yaris-snow-gravel-spec\/\" \/>\n<meta property=\"og:locale\" content=\"en_US\" \/>\n<meta property=\"og:type\" content=\"article\" \/>\n<meta property=\"og:title\" content=\"TOYOTA GR YARIS \u2013 SNOW\/GRAVEL SPEC - DEPO Cars &amp; Coffee\" \/>\n<meta property=\"og:description\" content=\"GR Yaris je pomysln\u00fd n\u00e1stupce ikonick\u00fdch \u010dty\u0159kolek WRX STI a Lancer Evolution. M\u00e1 sice \u201ejen\u201c t\u0159\u00edv\u00e1lcov\u00fd p\u0159epl\u0148ovan\u00fd motor, trochu ne\u0161\u0165astn\u00e9 rozlo\u017een\u00ed hmotnosti a jeho pohon v\u0161ech kol s lamelovou spojkou nen\u00ed dokonale \u010diteln\u00fd. P\u0159esto je to senza\u010dn\u00ed z\u00e1klad pro hobby rally auto! Po v\u00edce ne\u017e dvou letech intenzivn\u00edho testov\u00e1n\u00ed na z\u00e1vodn\u00edch okruz\u00edch, asfaltov\u00fdch silnic\u00edch, sn\u011bhu [&hellip;]\" \/>\n<meta property=\"og:url\" content=\"https:\/\/depocarsandcoffee.cz\/en\/depo\/toyota-gr-yaris-snow-gravel-spec\/\" \/>\n<meta property=\"og:site_name\" content=\"DEPO Cars &amp; Coffee\" \/>\n<meta property=\"article:published_time\" content=\"2023-12-29T13:16:58+00:00\" \/>\n<meta property=\"article:modified_time\" content=\"2025-08-08T13:15:47+00:00\" \/>\n<meta property=\"og:image\" content=\"https:\/\/depocarsandcoffee.cz\/wp-content\/uploads\/2023\/12\/DSC_5774.jpg\" \/>\n\t<meta property=\"og:image:width\" content=\"1500\" \/>\n\t<meta property=\"og:image:height\" content=\"1000\" \/>\n\t<meta property=\"og:image:type\" content=\"image\/jpeg\" \/>\n<meta name=\"author\" content=\"Ond\u0159ej\" \/>\n<meta name=\"twitter:card\" content=\"summary_large_image\" \/>\n<meta name=\"twitter:label1\" content=\"Written by\" \/>\n\t<meta name=\"twitter:data1\" content=\"Ond\u0159ej\" \/>\n\t<meta name=\"twitter:label2\" content=\"Est. reading time\" \/>\n\t<meta name=\"twitter:data2\" content=\"3 minutes\" \/>\n<script type=\"application\/ld+json\" class=\"yoast-schema-graph\">{\"@context\":\"https:\/\/schema.org\",\"@graph\":[{\"@type\":\"Article\",\"@id\":\"https:\/\/depocarsandcoffee.cz\/depo\/toyota-gr-yaris-snow-gravel-spec\/#article\",\"isPartOf\":{\"@id\":\"https:\/\/depocarsandcoffee.cz\/depo\/toyota-gr-yaris-snow-gravel-spec\/\"},\"author\":{\"name\":\"Ond\u0159ej\",\"@id\":\"https:\/\/depocarsandcoffee.cz\/#\/schema\/person\/254e48e695a19a10aed45d8f7568f367\"},\"headline\":\"TOYOTA GR YARIS \u2013 SNOW\/GRAVEL SPEC\",\"datePublished\":\"2023-12-29T13:16:58+00:00\",\"dateModified\":\"2025-08-08T13:15:47+00:00\",\"mainEntityOfPage\":{\"@id\":\"https:\/\/depocarsandcoffee.cz\/depo\/toyota-gr-yaris-snow-gravel-spec\/\"},\"wordCount\":562,\"publisher\":{\"@id\":\"https:\/\/depocarsandcoffee.cz\/#organization\"},\"image\":{\"@id\":\"https:\/\/depocarsandcoffee.cz\/depo\/toyota-gr-yaris-snow-gravel-spec\/#primaryimage\"},\"thumbnailUrl\":\"https:\/\/depocarsandcoffee.cz\/wp-content\/uploads\/2023\/12\/DSC_5774.jpg\",\"articleSection\":[\"DEPO\"],\"inLanguage\":\"en-US\"},{\"@type\":\"WebPage\",\"@id\":\"https:\/\/depocarsandcoffee.cz\/depo\/toyota-gr-yaris-snow-gravel-spec\/\",\"url\":\"https:\/\/depocarsandcoffee.cz\/depo\/toyota-gr-yaris-snow-gravel-spec\/\",\"name\":\"TOYOTA GR YARIS \u2013 SNOW\/GRAVEL SPEC - DEPO Cars &amp; Coffee\",\"isPartOf\":{\"@id\":\"https:\/\/depocarsandcoffee.cz\/#website\"},\"primaryImageOfPage\":{\"@id\":\"https:\/\/depocarsandcoffee.cz\/depo\/toyota-gr-yaris-snow-gravel-spec\/#primaryimage\"},\"image\":{\"@id\":\"https:\/\/depocarsandcoffee.cz\/depo\/toyota-gr-yaris-snow-gravel-spec\/#primaryimage\"},\"thumbnailUrl\":\"https:\/\/depocarsandcoffee.cz\/wp-content\/uploads\/2023\/12\/DSC_5774.jpg\",\"datePublished\":\"2023-12-29T13:16:58+00:00\",\"dateModified\":\"2025-08-08T13:15:47+00:00\",\"breadcrumb\":{\"@id\":\"https:\/\/depocarsandcoffee.cz\/depo\/toyota-gr-yaris-snow-gravel-spec\/#breadcrumb\"},\"inLanguage\":\"en-US\",\"potentialAction\":[{\"@type\":\"ReadAction\",\"target\":[\"https:\/\/depocarsandcoffee.cz\/depo\/toyota-gr-yaris-snow-gravel-spec\/\"]}]},{\"@type\":\"ImageObject\",\"inLanguage\":\"en-US\",\"@id\":\"https:\/\/depocarsandcoffee.cz\/depo\/toyota-gr-yaris-snow-gravel-spec\/#primaryimage\",\"url\":\"https:\/\/depocarsandcoffee.cz\/wp-content\/uploads\/2023\/12\/DSC_5774.jpg\",\"contentUrl\":\"https:\/\/depocarsandcoffee.cz\/wp-content\/uploads\/2023\/12\/DSC_5774.jpg\",\"width\":1500,\"height\":1000},{\"@type\":\"BreadcrumbList\",\"@id\":\"https:\/\/depocarsandcoffee.cz\/depo\/toyota-gr-yaris-snow-gravel-spec\/#breadcrumb\",\"itemListElement\":[{\"@type\":\"ListItem\",\"position\":1,\"name\":\"Home\",\"item\":\"https:\/\/depocarsandcoffee.cz\/\"},{\"@type\":\"ListItem\",\"position\":2,\"name\":\"TOYOTA GR YARIS \u2013 SNOW\/GRAVEL SPEC\"}]},{\"@type\":\"WebSite\",\"@id\":\"https:\/\/depocarsandcoffee.cz\/#website\",\"url\":\"https:\/\/depocarsandcoffee.cz\/\",\"name\":\"DEPO Cars & Coffee\",\"description\":\"Your one stop for everything cars.\",\"publisher\":{\"@id\":\"https:\/\/depocarsandcoffee.cz\/#organization\"},\"potentialAction\":[{\"@type\":\"SearchAction\",\"target\":{\"@type\":\"EntryPoint\",\"urlTemplate\":\"https:\/\/depocarsandcoffee.cz\/?s={search_term_string}\"},\"query-input\":{\"@type\":\"PropertyValueSpecification\",\"valueRequired\":true,\"valueName\":\"search_term_string\"}}],\"inLanguage\":\"en-US\"},{\"@type\":\"Organization\",\"@id\":\"https:\/\/depocarsandcoffee.cz\/#organization\",\"name\":\"DEPO Cars & Coffee\",\"url\":\"https:\/\/depocarsandcoffee.cz\/\",\"logo\":{\"@type\":\"ImageObject\",\"inLanguage\":\"en-US\",\"@id\":\"https:\/\/depocarsandcoffee.cz\/#\/schema\/logo\/image\/\",\"url\":\"https:\/\/depocarsandcoffee.cz\/wp-content\/uploads\/2023\/01\/Primarni-logo@2x.png\",\"contentUrl\":\"https:\/\/depocarsandcoffee.cz\/wp-content\/uploads\/2023\/01\/Primarni-logo@2x.png\",\"width\":409,\"height\":409,\"caption\":\"DEPO Cars & Coffee\"},\"image\":{\"@id\":\"https:\/\/depocarsandcoffee.cz\/#\/schema\/logo\/image\/\"},\"sameAs\":[\"http:\/\/instagram.com\/depocarscoffee\",\"https:\/\/www.youtube.com\/channel\/UC21C7JYLMp2jwrSVcU3cbPg\"]},{\"@type\":\"Person\",\"@id\":\"https:\/\/depocarsandcoffee.cz\/#\/schema\/person\/254e48e695a19a10aed45d8f7568f367\",\"name\":\"Ond\u0159ej\",\"image\":{\"@type\":\"ImageObject\",\"inLanguage\":\"en-US\",\"@id\":\"https:\/\/depocarsandcoffee.cz\/#\/schema\/person\/image\/\",\"url\":\"https:\/\/secure.gravatar.com\/avatar\/d9dc50c98f3777c44de2933b0a9ab47825ee5cbe2fa64da3b6c7bb1c4b2eadba?s=96&d=mm&r=g\",\"contentUrl\":\"https:\/\/secure.gravatar.com\/avatar\/d9dc50c98f3777c44de2933b0a9ab47825ee5cbe2fa64da3b6c7bb1c4b2eadba?s=96&d=mm&r=g\",\"caption\":\"Ond\u0159ej\"},\"url\":\"https:\/\/depocarsandcoffee.cz\/en\/author\/ondrej\/\"}]}<\/script>\n<!-- \/ Yoast SEO plugin. -->","yoast_head_json":{"title":"TOYOTA GR YARIS \u2013 SNOW\/GRAVEL SPEC - DEPO Cars &amp; Coffee","robots":{"index":"index","follow":"follow","max-snippet":"max-snippet:-1","max-image-preview":"max-image-preview:large","max-video-preview":"max-video-preview:-1"},"canonical":"https:\/\/depocarsandcoffee.cz\/en\/depo\/toyota-gr-yaris-snow-gravel-spec\/","og_locale":"en_US","og_type":"article","og_title":"TOYOTA GR YARIS \u2013 SNOW\/GRAVEL SPEC - DEPO Cars &amp; Coffee","og_description":"GR Yaris je pomysln\u00fd n\u00e1stupce ikonick\u00fdch \u010dty\u0159kolek WRX STI a Lancer Evolution. M\u00e1 sice \u201ejen\u201c t\u0159\u00edv\u00e1lcov\u00fd p\u0159epl\u0148ovan\u00fd motor, trochu ne\u0161\u0165astn\u00e9 rozlo\u017een\u00ed hmotnosti a jeho pohon v\u0161ech kol s lamelovou spojkou nen\u00ed dokonale \u010diteln\u00fd. P\u0159esto je to senza\u010dn\u00ed z\u00e1klad pro hobby rally auto! Po v\u00edce ne\u017e dvou letech intenzivn\u00edho testov\u00e1n\u00ed na z\u00e1vodn\u00edch okruz\u00edch, asfaltov\u00fdch silnic\u00edch, sn\u011bhu [&hellip;]","og_url":"https:\/\/depocarsandcoffee.cz\/en\/depo\/toyota-gr-yaris-snow-gravel-spec\/","og_site_name":"DEPO Cars &amp; Coffee","article_published_time":"2023-12-29T13:16:58+00:00","article_modified_time":"2025-08-08T13:15:47+00:00","og_image":[{"width":1500,"height":1000,"url":"https:\/\/depocarsandcoffee.cz\/wp-content\/uploads\/2023\/12\/DSC_5774.jpg","type":"image\/jpeg"}],"author":"Ond\u0159ej","twitter_card":"summary_large_image","twitter_misc":{"Written by":"Ond\u0159ej","Est. reading time":"3 minutes"},"schema":{"@context":"https:\/\/schema.org","@graph":[{"@type":"Article","@id":"https:\/\/depocarsandcoffee.cz\/depo\/toyota-gr-yaris-snow-gravel-spec\/#article","isPartOf":{"@id":"https:\/\/depocarsandcoffee.cz\/depo\/toyota-gr-yaris-snow-gravel-spec\/"},"author":{"name":"Ond\u0159ej","@id":"https:\/\/depocarsandcoffee.cz\/#\/schema\/person\/254e48e695a19a10aed45d8f7568f367"},"headline":"TOYOTA GR YARIS \u2013 SNOW\/GRAVEL SPEC","datePublished":"2023-12-29T13:16:58+00:00","dateModified":"2025-08-08T13:15:47+00:00","mainEntityOfPage":{"@id":"https:\/\/depocarsandcoffee.cz\/depo\/toyota-gr-yaris-snow-gravel-spec\/"},"wordCount":562,"publisher":{"@id":"https:\/\/depocarsandcoffee.cz\/#organization"},"image":{"@id":"https:\/\/depocarsandcoffee.cz\/depo\/toyota-gr-yaris-snow-gravel-spec\/#primaryimage"},"thumbnailUrl":"https:\/\/depocarsandcoffee.cz\/wp-content\/uploads\/2023\/12\/DSC_5774.jpg","articleSection":["DEPO"],"inLanguage":"en-US"},{"@type":"WebPage","@id":"https:\/\/depocarsandcoffee.cz\/depo\/toyota-gr-yaris-snow-gravel-spec\/","url":"https:\/\/depocarsandcoffee.cz\/depo\/toyota-gr-yaris-snow-gravel-spec\/","name":"TOYOTA GR YARIS \u2013 SNOW\/GRAVEL SPEC - DEPO Cars &amp; Coffee","isPartOf":{"@id":"https:\/\/depocarsandcoffee.cz\/#website"},"primaryImageOfPage":{"@id":"https:\/\/depocarsandcoffee.cz\/depo\/toyota-gr-yaris-snow-gravel-spec\/#primaryimage"},"image":{"@id":"https:\/\/depocarsandcoffee.cz\/depo\/toyota-gr-yaris-snow-gravel-spec\/#primaryimage"},"thumbnailUrl":"https:\/\/depocarsandcoffee.cz\/wp-content\/uploads\/2023\/12\/DSC_5774.jpg","datePublished":"2023-12-29T13:16:58+00:00","dateModified":"2025-08-08T13:15:47+00:00","breadcrumb":{"@id":"https:\/\/depocarsandcoffee.cz\/depo\/toyota-gr-yaris-snow-gravel-spec\/#breadcrumb"},"inLanguage":"en-US","potentialAction":[{"@type":"ReadAction","target":["https:\/\/depocarsandcoffee.cz\/depo\/toyota-gr-yaris-snow-gravel-spec\/"]}]},{"@type":"ImageObject","inLanguage":"en-US","@id":"https:\/\/depocarsandcoffee.cz\/depo\/toyota-gr-yaris-snow-gravel-spec\/#primaryimage","url":"https:\/\/depocarsandcoffee.cz\/wp-content\/uploads\/2023\/12\/DSC_5774.jpg","contentUrl":"https:\/\/depocarsandcoffee.cz\/wp-content\/uploads\/2023\/12\/DSC_5774.jpg","width":1500,"height":1000},{"@type":"BreadcrumbList","@id":"https:\/\/depocarsandcoffee.cz\/depo\/toyota-gr-yaris-snow-gravel-spec\/#breadcrumb","itemListElement":[{"@type":"ListItem","position":1,"name":"Home","item":"https:\/\/depocarsandcoffee.cz\/"},{"@type":"ListItem","position":2,"name":"TOYOTA GR YARIS \u2013 SNOW\/GRAVEL SPEC"}]},{"@type":"WebSite","@id":"https:\/\/depocarsandcoffee.cz\/#website","url":"https:\/\/depocarsandcoffee.cz\/","name":"DEPO Cars & Coffee","description":"Your one stop for everything cars.","publisher":{"@id":"https:\/\/depocarsandcoffee.cz\/#organization"},"potentialAction":[{"@type":"SearchAction","target":{"@type":"EntryPoint","urlTemplate":"https:\/\/depocarsandcoffee.cz\/?s={search_term_string}"},"query-input":{"@type":"PropertyValueSpecification","valueRequired":true,"valueName":"search_term_string"}}],"inLanguage":"en-US"},{"@type":"Organization","@id":"https:\/\/depocarsandcoffee.cz\/#organization","name":"DEPO Cars & Coffee","url":"https:\/\/depocarsandcoffee.cz\/","logo":{"@type":"ImageObject","inLanguage":"en-US","@id":"https:\/\/depocarsandcoffee.cz\/#\/schema\/logo\/image\/","url":"https:\/\/depocarsandcoffee.cz\/wp-content\/uploads\/2023\/01\/Primarni-logo@2x.png","contentUrl":"https:\/\/depocarsandcoffee.cz\/wp-content\/uploads\/2023\/01\/Primarni-logo@2x.png","width":409,"height":409,"caption":"DEPO Cars & Coffee"},"image":{"@id":"https:\/\/depocarsandcoffee.cz\/#\/schema\/logo\/image\/"},"sameAs":["http:\/\/instagram.com\/depocarscoffee","https:\/\/www.youtube.com\/channel\/UC21C7JYLMp2jwrSVcU3cbPg"]},{"@type":"Person","@id":"https:\/\/depocarsandcoffee.cz\/#\/schema\/person\/254e48e695a19a10aed45d8f7568f367","name":"Ond\u0159ej","image":{"@type":"ImageObject","inLanguage":"en-US","@id":"https:\/\/depocarsandcoffee.cz\/#\/schema\/person\/image\/","url":"https:\/\/secure.gravatar.com\/avatar\/d9dc50c98f3777c44de2933b0a9ab47825ee5cbe2fa64da3b6c7bb1c4b2eadba?s=96&d=mm&r=g","contentUrl":"https:\/\/secure.gravatar.com\/avatar\/d9dc50c98f3777c44de2933b0a9ab47825ee5cbe2fa64da3b6c7bb1c4b2eadba?s=96&d=mm&r=g","caption":"Ond\u0159ej"},"url":"https:\/\/depocarsandcoffee.cz\/en\/author\/ondrej\/"}]}},"_links":{"self":[{"href":"https:\/\/depocarsandcoffee.cz\/en\/wp-json\/wp\/v2\/posts\/242378","targetHints":{"allow":["GET"]}}],"collection":[{"href":"https:\/\/depocarsandcoffee.cz\/en\/wp-json\/wp\/v2\/posts"}],"about":[{"href":"https:\/\/depocarsandcoffee.cz\/en\/wp-json\/wp\/v2\/types\/post"}],"author":[{"embeddable":true,"href":"https:\/\/depocarsandcoffee.cz\/en\/wp-json\/wp\/v2\/users\/2"}],"replies":[{"embeddable":true,"href":"https:\/\/depocarsandcoffee.cz\/en\/wp-json\/wp\/v2\/comments?post=242378"}],"version-history":[{"count":13,"href":"https:\/\/depocarsandcoffee.cz\/en\/wp-json\/wp\/v2\/posts\/242378\/revisions"}],"predecessor-version":[{"id":243703,"href":"https:\/\/depocarsandcoffee.cz\/en\/wp-json\/wp\/v2\/posts\/242378\/revisions\/243703"}],"wp:featuredmedia":[{"embeddable":true,"href":"https:\/\/depocarsandcoffee.cz\/en\/wp-json\/wp\/v2\/media\/242379"}],"wp:attachment":[{"href":"https:\/\/depocarsandcoffee.cz\/en\/wp-json\/wp\/v2\/media?parent=242378"}],"wp:term":[{"taxonomy":"category","embeddable":true,"href":"https:\/\/depocarsandcoffee.cz\/en\/wp-json\/wp\/v2\/categories?post=242378"},{"taxonomy":"post_tag","embeddable":true,"href":"https:\/\/depocarsandcoffee.cz\/en\/wp-json\/wp\/v2\/tags?post=242378"}],"curies":[{"name":"wp","href":"https:\/\/api.w.org\/{rel}","templated":true}]}}