{"id":242935,"date":"2024-09-13T11:49:12","date_gmt":"2024-09-13T11:49:12","guid":{"rendered":"https:\/\/depocarsandcoffee.cz\/?p=242935"},"modified":"2025-08-08T13:17:01","modified_gmt":"2025-08-08T13:17:01","slug":"toyota-gr-yaris-servis-a-upravy","status":"publish","type":"post","link":"https:\/\/depocarsandcoffee.cz\/en\/depo\/toyota-gr-yaris-servis-a-upravy\/","title":{"rendered":"TOYOTA GR YARIS \u2013 SERVIS A \u00daPRAVY"},"content":{"rendered":"<p><strong>GR Yaris nen\u00ed \u017e\u00e1dn\u00e1 le\u0161t\u011bnka. Je to auto na rozbit\u00e9 lesn\u00ed okresky. Zkr\u00e1tka auto, kter\u00e9 dost\u00e1v\u00e1 po\u0159\u00e1dn\u011b do t\u011bla. V l\u00e9t\u011b na asfaltu nebo \u0161otolin\u011b a v zim\u011b na sn\u011bhu. N\u00e1ro\u010dn\u00e9mu nasazen\u00ed by proto m\u011bly odpov\u00eddat smyslupln\u00e9 \u00fapravy a tak\u00e9 pravideln\u00fd servis.<\/strong><\/p>\n\n\n\n<p>Prvn\u00ed generace Toyoty GR Yaris je doslova bestseller. U n\u00e1s v \u010cesku se jich dokonce prodalo na po\u010det obyvatel nejv\u00edce na sv\u011bt\u011b. Jestli je to pravda, nev\u00edme, ale bezesporu pat\u0159\u00ed tento kompaktn\u00ed hothatch k nej\u010dast\u011bj\u0161\u00edm n\u00e1v\u0161t\u011bvn\u00edk\u016fm na\u0161eho servisu. V\u011bt\u0161ina na\u0161ich z\u00e1kazn\u00edk\u016f dokonale pochopila zam\u011b\u0159en\u00ed tohoto modelu a nejezd\u00ed s n\u00edm prim\u00e1rn\u011b na trackdays, ale na odlehl\u00e9 lesn\u00ed okresky. Jedin\u00fd smyslupln\u00fd okruh pro GR Yaris v \u010cesku je Sosnov\u00e1 u \u010cesk\u00e9 L\u00edpy. Tomuto zam\u011b\u0159en\u00ed proto odpov\u00eddaj\u00ed i na\u0161e doporu\u010den\u00ed pro mechanick\u00e9 a softwarov\u00e9 \u00fapravy v\u010detn\u011b rozsahu pravideln\u00e9ho servisu.<\/p>\n\n\n\n<p>Ano, GR Yaris lze upravit pro trackdays a okruhov\u00e9 je\u017ed\u011bn\u00ed. N\u011bkolik takov\u00fdch aut v na\u0161\u00ed d\u00edln\u011b tak\u00e9 vzniklo, v\u010detn\u011b na\u0161eho tr\u00e9ninkov\u00e9ho auta pro de\u0161tiv\u00e9 dny na Nordschleife. K&nbsp;nej\u010dast\u011bj\u0161\u00edm \u00faprav\u00e1m pro pou\u017eit\u00ed na velk\u00fdch z\u00e1vodn\u00edch okruz\u00edch pat\u0159\u00ed hardware podvozku a zm\u011bna ergonomie sedadla \u0159idi\u010de.<\/p>\n\n\n\n<h2 class=\"wp-block-heading\"><strong>Z\u00c1KLAD PRO J\u00cdZDU NA Z\u00c1VODN\u00cdM OKRUHU!&nbsp;<\/strong><\/h2>\n\n\n\n<p>Z podvozkov\u00fdch komponent\u016f doporu\u010dujeme sadu tlumi\u010d\u016f a pru\u017ein KW V4 Clubsport, pop\u0159\u00edpad\u011b z na\u0161\u00ed zku\u0161enosti m\u00e9n\u011b schopn\u00fd, ale st\u00e1le pom\u011brn\u011b kvalitn\u00ed \u00d6hlins Road &amp; Track. Dal\u0161\u00edm krokem jsou tu\u017e\u0161\u00ed stabiliz\u00e1tory. Tady ale doporu\u010dujeme b\u00fdt ostra\u017eit\u00ed, proto\u017ee m\u016f\u017ee doch\u00e1zet k odleh\u010dov\u00e1n\u00ed zadn\u00edho vnit\u0159n\u00edho kola a t\u00edm k z\u00e1sadn\u00ed ztr\u00e1t\u011b trakce. GR Yaris je toti\u017e vybaven na p\u0159edn\u00ed i zadn\u00ed n\u00e1prav\u011b diferenci\u00e1lem Torsen, kter\u00fd se p\u0159i odleh\u010den\u00ed jednoho z kol rozpoj\u00ed a odleh\u010den\u00e9 kolo se tedy za\u010dne prot\u00e1\u010det a zat\u00ed\u017een\u00ed p\u0159\u00edli\u0161 nezrychluje.&nbsp;<\/p>\n\n\n\n<p>Dal\u0161\u00ed p\u0159\u00ednosnou \u00fapravou jsou sko\u0159epinov\u00e1 sedadla. Pozice standardn\u00edch sedadel nen\u00ed p\u0159\u00edli\u0161 ergonomick\u00e1 a samotn\u00e1 sedadla nenab\u00edzej\u00ed dostate\u010dnou oporu t\u011bla. V\u00fdm\u011bna sedadel je relativn\u011b dostupn\u00e1 a snadn\u00e1. Dal\u0161\u00edm prvkem mohou b\u00fdt v\u00edcebodov\u00e9 bezpe\u010dnostn\u00ed p\u00e1sy nebo pro okruhov\u00e9 pou\u017eit\u00ed velmi ergonomick\u00e9 zkr\u00e1cen\u00e9 \u0159azen\u00ed CAE Ultra Shifter, kter\u00e9 je v&nbsp;t\u011bsn\u00e9 bl\u00edzkosti volantu. <\/p>\n\n\n\n<figure class=\"wp-block-gallery has-nested-images columns-default is-cropped wp-block-gallery-1 is-layout-flex wp-block-gallery-is-layout-flex\">\n<figure class=\"wp-block-image size-large\"><img loading=\"lazy\" decoding=\"async\" width=\"683\" height=\"1024\" data-id=\"242939\" src=\"https:\/\/depocarsandcoffee.cz\/wp-content\/uploads\/2024\/09\/DEPO_GR-Yaris_01-683x1024.jpg\" alt=\"\" class=\"wp-image-242939\"\/><\/figure>\n\n\n\n<figure class=\"wp-block-image size-large\"><img loading=\"lazy\" decoding=\"async\" width=\"683\" height=\"1024\" data-id=\"242938\" src=\"https:\/\/depocarsandcoffee.cz\/wp-content\/uploads\/2024\/09\/DEPO_GR-Yaris_02-683x1024.jpg\" alt=\"\" class=\"wp-image-242938\"\/><\/figure>\n\n\n\n<figure class=\"wp-block-image size-large\"><img loading=\"lazy\" decoding=\"async\" width=\"683\" height=\"1024\" data-id=\"242937\" src=\"https:\/\/depocarsandcoffee.cz\/wp-content\/uploads\/2024\/09\/DEPO_GR-Yaris_03-683x1024.jpg\" alt=\"\" class=\"wp-image-242937\"\/><\/figure>\n<\/figure>\n\n\n\n<p><\/p>\n\n\n\n<p>V\u00fdhodu GR Yarise je kvalitn\u00ed a odoln\u00e1 brzdov\u00e1 soustava. Pro okruhov\u00e9 pou\u017eit\u00ed tedy sta\u010d\u00ed OEM \u0159e\u0161en\u00ed nebo maxim\u00e1ln\u011b lep\u0161\u00ed sportovn\u00ed \u010di z\u00e1vodn\u00ed brzdov\u00e9 oblo\u017een\u00ed a odoln\u011bj\u0161\u00ed brzdov\u00e1 kapalina. Naopak slabinou je chlazen\u00ed cel\u00e9ho pohonn\u00e9ho \u00fastroj\u00ed. Po n\u011bkolika dynamick\u00fdch kolech bude vysok\u00e1 teplota motorov\u00e9ho oleje, mezin\u00e1pravov\u00e9 spojky a tak\u00e9 manu\u00e1ln\u00ed p\u0159evodovky. Vysok\u00e9 teploty motorov\u00e9ho oleje se daj\u00ed snadno \u0159e\u0161it p\u0159\u00eddavn\u00fdm chladi\u010dem oleje, ale u mezin\u00e1pravov\u00e9 spojky a p\u0159evodovky je to slo\u017eit\u011bj\u0161\u00ed. Pom\u011brn\u011b velk\u00fd vliv na teploty mezin\u00e1pravov\u00e9 spojky m\u00e1 zvolen\u00fd j\u00edzdn\u00ed re\u017eim pohonu v\u0161ech kol. Ne\u0159e\u0161\u00ed v\u0161ak skute\u010dn\u00fd probl\u00e9m. \u0158e\u0161en\u00edm nejsou ani r\u016fzn\u00e9 n\u00e1fuky pro p\u0159\u00edvod vzduchu, kter\u00e9 mimochodem nab\u00edz\u00ed p\u0159\u00edmo Toyota i pro samotnou p\u0159evodovku. P\u0159\u00ednos je v\u0161ak minim\u00e1ln\u00ed nebo t\u00e9m\u011b\u0159 \u017e\u00e1dn\u00fd. P\u0159evodovku lze tak\u00e9 v extr\u00e9mn\u00edch p\u0159\u00edpadech vybavit dodate\u010dn\u00fdm chladi\u010dem, ale pro mezin\u00e1pravovou spojku jsme prozat\u00edm nena\u0161li \u017e\u00e1dn\u00e9 efektivn\u00ed \u0159e\u0161en\u00ed. Aktu\u00e1ln\u011b tedy nezb\u00fdv\u00e1, ne\u017e se p\u0159i okruhov\u00e9m je\u017ed\u011bn\u00ed sm\u00ed\u0159it s vysok\u00fdmi teplotami a ob\u010dasn\u00fdm odpojen\u00edm pohonu 4&#215;4. &nbsp; &nbsp; <\/p>\n\n\n\n<h2 class=\"wp-block-heading\"><strong>OKRESKOV\u00c1 Z\u00c1BAVA A OFFROAD!<\/strong><\/h2>\n\n\n\n<p>S mnohem emotivn\u011bj\u0161\u00ed j\u00edzdou na lesn\u00edch okresk\u00e1ch jak\u00e9hokoliv povrchu m\u00e1me v\u00edce zku\u0161enost\u00ed a dok\u00e1\u017eeme nab\u00eddnout celou \u0159adu efektivn\u00edch \u0159e\u0161en\u00ed. Z na\u0161eho seznamu \u00faprav si tak m\u016f\u017ee vybrat \u00fapln\u011b ka\u017ed\u00fd \u0159idi\u010d a p\u0159izp\u016fsobit tak auto p\u0159esn\u011b sv\u00e9mu j\u00edzdn\u00edmu stylu. Pokud vy\u017eadujete hotov\u00e1 \u0159e\u0161en\u00ed, nab\u00edz\u00edme dvojici otestovan\u00fdch a komplexn\u00edch <a href=\"https:\/\/depocarsandcoffee.cz\/en\/depo\/toyota-gr-yaris-snow-gravel-spec\/\">bal\u00ed\u010dk\u016f SNOW\/GRAVEL nebo TARMAC SPEC<\/a>. Nicm\u00e9n\u011b pro rychl\u00fd p\u0159ehled jsme sestavili seznam z\u00e1kladn\u00edch mechanick\u00fdch \u00faprav pro okreskov\u00e9 a offroad je\u017ed\u011bn\u00ed.<\/p>\n\n\n\n<p><strong>MOTOR<\/strong><\/p>\n\n\n\n<p>&#8211; karbonov\u00e9 s\u00e1n\u00ed<\/p>\n\n\n\n<p>&#8211; OPF delete kit&nbsp;<\/p>\n\n\n\n<p>&#8211; chladi\u010d motorov\u00e9ho oleje&nbsp;<\/p>\n\n\n\n<p><strong>P\u0158EVODOVKA<\/strong><\/p>\n\n\n\n<p>&#8211; CAE Ultra Shifter<\/p>\n\n\n\n<p>&#8211; dodate\u010dn\u00fd p\u0159\u00edvod \u010derstv\u00e9ho vzduchu pro lep\u0161\u00ed chlazen\u00ed&nbsp;&nbsp;<\/p>\n\n\n\n<p><strong>POHON V\u0160ECH KOL<\/strong>&nbsp;<\/p>\n\n\n\n<p>&#8211; p\u0159edn\u00ed a zadn\u00ed lamelov\u00fd diferenci\u00e1l&nbsp;<\/p>\n\n\n\n<p>&#8211; GRMN \u0159\u00edd\u00edc\u00ed jednotka pohonu v\u0161ech kol&nbsp;<\/p>\n\n\n\n<p><strong>PODVOZEK<\/strong> (ochrana)<\/p>\n\n\n\n<p>&#8211; zak\u00e1zkov\u00e9 tlumi\u010de SNOW\/GRAVEL nebo TARMAC<\/p>\n\n\n\n<p>&#8211; nastaviteln\u00e9 stabiliz\u00e1tory&nbsp;<\/p>\n\n\n\n<p>&#8211; ochrann\u00e1 li\u017eina a z\u00e1st\u011brky<\/p>\n\n\n\n<p>&#8211; odoln\u011bj\u0161\u00ed ramena a unibal ulo\u017een\u00ed&nbsp;&nbsp;<\/p>\n\n\n\n<p>&#8211; v\u00fdztuhy pro zpevn\u011bn\u00ed podvozku a karoserie<\/p>\n\n\n\n<p><strong>BRZDY<\/strong><\/p>\n\n\n\n<p>&#8211; z\u00e1vodn\u00ed brzdov\u00e9 oblo\u017een\u00ed&nbsp;<\/p>\n\n\n\n<p>&#8211; tepeln\u00e1 ochrana brzdov\u00fdch t\u0159men\u016f&nbsp;<\/p>\n\n\n\n<p>&#8211; z\u00e1vodn\u00ed oblo\u017een\u00ed ru\u010dn\u00ed brzdy<\/p>\n\n\n\n<p>&#8211; hydraulick\u00e1 ru\u010dn\u00ed brzda&nbsp;<\/p>\n\n\n\n<p>&#8211; odoln\u011bj\u0161\u00ed brzdov\u00e9 hadice&nbsp;<\/p>\n\n\n\n<p>&#8211; redukce p\u0159edn\u00edch t\u0159men\u016f pro pou\u017eit\u00ed s 15\u201d koly&nbsp;<\/p>\n\n\n\n<p><strong>INTERI\u00c9R<\/strong><\/p>\n\n\n\n<p>&#8211; <a href=\"https:\/\/depocarsandcoffee.cz\/en\/depo\/toyota-gr-yaris-snow-gravel-spec\/\">sko\u0159epinov\u00e1 sedadla <\/a><\/p>\n\n\n\n<p>&#8211; z\u00e1vodn\u00ed bezpe\u010dnostn\u00ed p\u00e1sy<\/p>\n\n\n\n<p>&#8211; z\u00e1vodn\u00ed volant&nbsp;<\/p>\n\n\n\n<p>&#8211; odsazen\u00ed\/n\u00e1ba OEM volantu&nbsp;<\/p>\n\n\n\n<p>&#8211; kompletn\u00ed odleh\u010den\u00ed interi\u00e9ru<\/p>\n\n\n\n<p>&#8211; bezpe\u010dnostn\u00ed r\u00e1m s FIA homologac\u00ed a z\u00e1pisem do TP<\/p>\n\n\n\n<p><strong>OSV\u011aTLEN\u00cd<\/strong><\/p>\n\n\n\n<p>&#8211; z\u00e1vodn\u00ed LED osv\u011btlen\u00ed v n\u011bkolika specifikac\u00edch&nbsp;<\/p>\n\n\n\n<p>&#8211; p\u0159\u00edpadn\u00e9 <a href=\"https:\/\/depocarsandcoffee.cz\/en\/depo\/pridavne-led-osvetleni-pro-zavodni-i-silnicni-pouziti\/\">LED osv\u011btlen\u00ed <\/a>homologovan\u00e9 pro silni\u010dn\u00ed provoz <\/p>\n\n\n\n<p><\/p>\n\n\n\n<p><strong>PRAVIDELN\u00dd SERVIS&nbsp;<\/strong><\/p>\n\n\n\n<p>P\u0159i zaj\u00ed\u017ed\u011bn\u00ed nov\u00e9ho vozu je opot\u0159eben\u00ed p\u0159i \u201esed\u00e1n\u00ed\u201c materi\u00e1l\u016f nejmarkantn\u011bj\u0161\u00ed. Proto zm\u00edn\u011bn\u00fd vstupn\u00ed servis doporu\u010dujeme okam\u017eit\u011b po z\u00e1b\u011bhu. Dal\u0161\u00ed pravideln\u00fd servis z\u00e1vis\u00ed na stylu pou\u017e\u00edv\u00e1n\u00ed auta. Nehledejte v tom ale \u017e\u00e1dn\u00e9 slo\u017eitosti. Pro zjednodu\u0161en\u00ed m\u016f\u017eete vych\u00e1zet z na\u0161eho stru\u010dn\u00e9ho p\u0159ehledu doporu\u010den\u00fdch interval\u016f. Ve v\u011bt\u0161in\u011b p\u0159\u00edpad\u016f na na\u0161e doporu\u010den\u00ed kontrolujeme se\u0159\u00edzen\u00ed geometrie podvozku.&nbsp;<\/p>\n\n\n\n<p><strong>SPORTOVN\u00cd J\u00cdZDA NA VE\u0158EJN\u00ddCH SILNIC\u00cdCH<\/strong><\/p>\n\n\n\n<p>Motorov\u00fd olej 5000 km nebo jednou ro\u010dn\u011b<\/p>\n\n\n\n<p>Olej diferenci\u00e1l 15 000 km<\/p>\n\n\n\n<p>Olej rozvodovka 15 000 km<\/p>\n\n\n\n<p>Olej p\u0159evodovka 10 000 km&nbsp;<\/p>\n\n\n\n<p>Brzdov\u00e1 kapalina 10 000 km nebo jednou ro\u010dn\u011b<\/p>\n\n\n\n<p>Sportovn\u00ed vzduchov\u00fd filtr 10 000 km<\/p>\n\n\n\n<p>OEM vzduchov\u00fdch filtr 15 000 km<\/p>\n\n\n\n<p>Geometrie podvozku 15 000 km&nbsp;<\/p>\n\n\n\n<p><strong>OKRUHOV\u00c9 POU\u017dIT\u00cd A TRACKDAYS<\/strong><\/p>\n\n\n\n<p>Motorov\u00fd olej maxim\u00e1ln\u011b 2000 km nebo ide\u00e1ln\u011b po ka\u017ed\u00e9m je\u017ed\u011bn\u00ed<\/p>\n\n\n\n<p>Olej diferenci\u00e1l 5000 km<\/p>\n\n\n\n<p>Olej rozvodovka 5000 km<\/p>\n\n\n\n<p>Olej p\u0159evodovka 5000 km&nbsp;<\/p>\n\n\n\n<p>Brzdov\u00e1 kapalina maxim\u00e1ln\u011b 2000 km nebo ide\u00e1ln\u011b po ka\u017ed\u00e9m je\u017ed\u011bn\u00ed&nbsp;<\/p>\n\n\n\n<p>Sportovn\u00ed vzduchov\u00fd filtr 5000 km<\/p>\n\n\n\n<p>OEM vzduchov\u00fd filtr 5000 km<\/p>\n\n\n\n<p>Geometrie podvozku maxim\u00e1ln\u011b 5000 km nebo podle pot\u0159eby \u010dast\u011bji&nbsp;&nbsp;<\/p>\n\n\n\n<p><\/p>\n\n\n\n<p>Aktu\u00e1ln\u011b m\u00e1me v nab\u00eddce n\u011bkolik \u0159e\u0161en\u00ed pro r\u016fzn\u00e9 aplikace, od jednoduch\u00fdch \u00faprav a\u017e po kompletn\u00ed p\u0159estavby pro pou\u017eit\u00ed na z\u00e1vodn\u00edm okruhu, asfaltov\u00fdch, \u0161otolinov\u00fdch nebo sn\u011bhov\u00fdch trat\u00edch. Pokud m\u00e1\u0161 jak\u00e9koliv dotazy na t\u00e9ma Toyota GR Yaris, <a href=\"https:\/\/depocarsandcoffee.cz\/en\/kontakt\/\">nev\u00e1hej n\u00e1s kontaktovat<\/a>!<\/p>\n\n\n\n<p><\/p>\n\n\n\n<p><\/p>\n\n\n\n<p><\/p>\n\n\n\n<figure class=\"wp-block-embed is-type-video is-provider-youtube wp-block-embed-youtube wp-embed-aspect-16-9 wp-has-aspect-ratio\"><div class=\"wp-block-embed__wrapper\">\n<iframe loading=\"lazy\" title=\"STAV\u00cdME RALLY AUTO Z GR YARIS 2024 | Projekt Yaris | Ep . 001\" width=\"1080\" height=\"608\" src=\"https:\/\/www.youtube.com\/embed\/Zj4PoZCePHc?list=PLarH-D7hC5rDUi9nfZL8IsVVcYxb_5HxZ\"  allow=\"accelerometer; autoplay; clipboard-write; encrypted-media; gyroscope; picture-in-picture; web-share\" referrerpolicy=\"strict-origin-when-cross-origin\" allowfullscreen><\/iframe>\n<\/div><\/figure>","protected":false},"excerpt":{"rendered":"<p>GR Yaris nen\u00ed \u017e\u00e1dn\u00e1 le\u0161t\u011bnka. Je to auto na rozbit\u00e9 lesn\u00ed okresky. Zkr\u00e1tka auto, kter\u00e9 dost\u00e1v\u00e1 po\u0159\u00e1dn\u011b do t\u011bla. V l\u00e9t\u011b na asfaltu nebo \u0161otolin\u011b a v zim\u011b na sn\u011bhu. N\u00e1ro\u010dn\u00e9mu nasazen\u00ed by proto m\u011bly odpov\u00eddat smyslupln\u00e9 \u00fapravy a tak\u00e9 pravideln\u00fd servis. Prvn\u00ed generace Toyoty GR Yaris je doslova bestseller. U n\u00e1s v \u010cesku se [&hellip;]<\/p>\n","protected":false},"author":2,"featured_media":242936,"comment_status":"closed","ping_status":"closed","sticky":false,"template":"","format":"standard","meta":{"_et_pb_use_builder":"off","_et_pb_old_content":"","_et_gb_content_width":"1080","footnotes":""},"categories":[12],"tags":[],"class_list":["post-242935","post","type-post","status-publish","format-standard","has-post-thumbnail","hentry","category-depo"],"yoast_head":"<!-- This site is optimized with the Yoast SEO plugin v27.0 - https:\/\/yoast.com\/product\/yoast-seo-wordpress\/ -->\n<title>TOYOTA GR YARIS \u2013 SERVIS A \u00daPRAVY - DEPO Cars &amp; Coffee<\/title>\n<meta name=\"robots\" content=\"index, follow, max-snippet:-1, max-image-preview:large, max-video-preview:-1\" \/>\n<link rel=\"canonical\" href=\"https:\/\/depocarsandcoffee.cz\/en\/depo\/toyota-gr-yaris-servis-a-upravy\/\" \/>\n<meta property=\"og:locale\" content=\"en_US\" \/>\n<meta property=\"og:type\" content=\"article\" \/>\n<meta property=\"og:title\" content=\"TOYOTA GR YARIS \u2013 SERVIS A \u00daPRAVY - DEPO Cars &amp; Coffee\" \/>\n<meta property=\"og:description\" content=\"GR Yaris nen\u00ed \u017e\u00e1dn\u00e1 le\u0161t\u011bnka. Je to auto na rozbit\u00e9 lesn\u00ed okresky. Zkr\u00e1tka auto, kter\u00e9 dost\u00e1v\u00e1 po\u0159\u00e1dn\u011b do t\u011bla. V l\u00e9t\u011b na asfaltu nebo \u0161otolin\u011b a v zim\u011b na sn\u011bhu. N\u00e1ro\u010dn\u00e9mu nasazen\u00ed by proto m\u011bly odpov\u00eddat smyslupln\u00e9 \u00fapravy a tak\u00e9 pravideln\u00fd servis. Prvn\u00ed generace Toyoty GR Yaris je doslova bestseller. U n\u00e1s v \u010cesku se [&hellip;]\" \/>\n<meta property=\"og:url\" content=\"https:\/\/depocarsandcoffee.cz\/en\/depo\/toyota-gr-yaris-servis-a-upravy\/\" \/>\n<meta property=\"og:site_name\" content=\"DEPO Cars &amp; Coffee\" \/>\n<meta property=\"article:published_time\" content=\"2024-09-13T11:49:12+00:00\" \/>\n<meta property=\"article:modified_time\" content=\"2025-08-08T13:17:01+00:00\" \/>\n<meta property=\"og:image\" content=\"https:\/\/depocarsandcoffee.cz\/wp-content\/uploads\/2024\/09\/DEPO_GR-Yaris_04.jpg\" \/>\n\t<meta property=\"og:image:width\" content=\"1500\" \/>\n\t<meta property=\"og:image:height\" content=\"1000\" \/>\n\t<meta property=\"og:image:type\" content=\"image\/jpeg\" \/>\n<meta name=\"author\" content=\"Ond\u0159ej\" \/>\n<meta name=\"twitter:card\" content=\"summary_large_image\" \/>\n<meta name=\"twitter:label1\" content=\"Written by\" \/>\n\t<meta name=\"twitter:data1\" content=\"Ond\u0159ej\" \/>\n\t<meta name=\"twitter:label2\" content=\"Est. reading time\" \/>\n\t<meta name=\"twitter:data2\" content=\"5 minutes\" \/>\n<script type=\"application\/ld+json\" class=\"yoast-schema-graph\">{\"@context\":\"https:\/\/schema.org\",\"@graph\":[{\"@type\":\"Article\",\"@id\":\"https:\/\/depocarsandcoffee.cz\/depo\/toyota-gr-yaris-servis-a-upravy\/#article\",\"isPartOf\":{\"@id\":\"https:\/\/depocarsandcoffee.cz\/depo\/toyota-gr-yaris-servis-a-upravy\/\"},\"author\":{\"name\":\"Ond\u0159ej\",\"@id\":\"https:\/\/depocarsandcoffee.cz\/#\/schema\/person\/254e48e695a19a10aed45d8f7568f367\"},\"headline\":\"TOYOTA GR YARIS \u2013 SERVIS A \u00daPRAVY\",\"datePublished\":\"2024-09-13T11:49:12+00:00\",\"dateModified\":\"2025-08-08T13:17:01+00:00\",\"mainEntityOfPage\":{\"@id\":\"https:\/\/depocarsandcoffee.cz\/depo\/toyota-gr-yaris-servis-a-upravy\/\"},\"wordCount\":1264,\"publisher\":{\"@id\":\"https:\/\/depocarsandcoffee.cz\/#organization\"},\"image\":{\"@id\":\"https:\/\/depocarsandcoffee.cz\/depo\/toyota-gr-yaris-servis-a-upravy\/#primaryimage\"},\"thumbnailUrl\":\"https:\/\/depocarsandcoffee.cz\/wp-content\/uploads\/2024\/09\/DEPO_GR-Yaris_04.jpg\",\"articleSection\":[\"DEPO\"],\"inLanguage\":\"en-US\"},{\"@type\":\"WebPage\",\"@id\":\"https:\/\/depocarsandcoffee.cz\/depo\/toyota-gr-yaris-servis-a-upravy\/\",\"url\":\"https:\/\/depocarsandcoffee.cz\/depo\/toyota-gr-yaris-servis-a-upravy\/\",\"name\":\"TOYOTA GR YARIS \u2013 SERVIS A \u00daPRAVY - DEPO Cars &amp; Coffee\",\"isPartOf\":{\"@id\":\"https:\/\/depocarsandcoffee.cz\/#website\"},\"primaryImageOfPage\":{\"@id\":\"https:\/\/depocarsandcoffee.cz\/depo\/toyota-gr-yaris-servis-a-upravy\/#primaryimage\"},\"image\":{\"@id\":\"https:\/\/depocarsandcoffee.cz\/depo\/toyota-gr-yaris-servis-a-upravy\/#primaryimage\"},\"thumbnailUrl\":\"https:\/\/depocarsandcoffee.cz\/wp-content\/uploads\/2024\/09\/DEPO_GR-Yaris_04.jpg\",\"datePublished\":\"2024-09-13T11:49:12+00:00\",\"dateModified\":\"2025-08-08T13:17:01+00:00\",\"breadcrumb\":{\"@id\":\"https:\/\/depocarsandcoffee.cz\/depo\/toyota-gr-yaris-servis-a-upravy\/#breadcrumb\"},\"inLanguage\":\"en-US\",\"potentialAction\":[{\"@type\":\"ReadAction\",\"target\":[\"https:\/\/depocarsandcoffee.cz\/depo\/toyota-gr-yaris-servis-a-upravy\/\"]}]},{\"@type\":\"ImageObject\",\"inLanguage\":\"en-US\",\"@id\":\"https:\/\/depocarsandcoffee.cz\/depo\/toyota-gr-yaris-servis-a-upravy\/#primaryimage\",\"url\":\"https:\/\/depocarsandcoffee.cz\/wp-content\/uploads\/2024\/09\/DEPO_GR-Yaris_04.jpg\",\"contentUrl\":\"https:\/\/depocarsandcoffee.cz\/wp-content\/uploads\/2024\/09\/DEPO_GR-Yaris_04.jpg\",\"width\":1500,\"height\":1000,\"caption\":\"tuning GR Yaris DEPO GR86\"},{\"@type\":\"BreadcrumbList\",\"@id\":\"https:\/\/depocarsandcoffee.cz\/depo\/toyota-gr-yaris-servis-a-upravy\/#breadcrumb\",\"itemListElement\":[{\"@type\":\"ListItem\",\"position\":1,\"name\":\"Home\",\"item\":\"https:\/\/depocarsandcoffee.cz\/\"},{\"@type\":\"ListItem\",\"position\":2,\"name\":\"TOYOTA GR YARIS \u2013 SERVIS A \u00daPRAVY\"}]},{\"@type\":\"WebSite\",\"@id\":\"https:\/\/depocarsandcoffee.cz\/#website\",\"url\":\"https:\/\/depocarsandcoffee.cz\/\",\"name\":\"DEPO Cars & Coffee\",\"description\":\"Your one stop for everything cars.\",\"publisher\":{\"@id\":\"https:\/\/depocarsandcoffee.cz\/#organization\"},\"potentialAction\":[{\"@type\":\"SearchAction\",\"target\":{\"@type\":\"EntryPoint\",\"urlTemplate\":\"https:\/\/depocarsandcoffee.cz\/?s={search_term_string}\"},\"query-input\":{\"@type\":\"PropertyValueSpecification\",\"valueRequired\":true,\"valueName\":\"search_term_string\"}}],\"inLanguage\":\"en-US\"},{\"@type\":\"Organization\",\"@id\":\"https:\/\/depocarsandcoffee.cz\/#organization\",\"name\":\"DEPO Cars & Coffee\",\"url\":\"https:\/\/depocarsandcoffee.cz\/\",\"logo\":{\"@type\":\"ImageObject\",\"inLanguage\":\"en-US\",\"@id\":\"https:\/\/depocarsandcoffee.cz\/#\/schema\/logo\/image\/\",\"url\":\"https:\/\/depocarsandcoffee.cz\/wp-content\/uploads\/2023\/01\/Primarni-logo@2x.png\",\"contentUrl\":\"https:\/\/depocarsandcoffee.cz\/wp-content\/uploads\/2023\/01\/Primarni-logo@2x.png\",\"width\":409,\"height\":409,\"caption\":\"DEPO Cars & Coffee\"},\"image\":{\"@id\":\"https:\/\/depocarsandcoffee.cz\/#\/schema\/logo\/image\/\"},\"sameAs\":[\"http:\/\/instagram.com\/depocarscoffee\",\"https:\/\/www.youtube.com\/channel\/UC21C7JYLMp2jwrSVcU3cbPg\"]},{\"@type\":\"Person\",\"@id\":\"https:\/\/depocarsandcoffee.cz\/#\/schema\/person\/254e48e695a19a10aed45d8f7568f367\",\"name\":\"Ond\u0159ej\",\"image\":{\"@type\":\"ImageObject\",\"inLanguage\":\"en-US\",\"@id\":\"https:\/\/depocarsandcoffee.cz\/#\/schema\/person\/image\/\",\"url\":\"https:\/\/secure.gravatar.com\/avatar\/d9dc50c98f3777c44de2933b0a9ab47825ee5cbe2fa64da3b6c7bb1c4b2eadba?s=96&d=mm&r=g\",\"contentUrl\":\"https:\/\/secure.gravatar.com\/avatar\/d9dc50c98f3777c44de2933b0a9ab47825ee5cbe2fa64da3b6c7bb1c4b2eadba?s=96&d=mm&r=g\",\"caption\":\"Ond\u0159ej\"},\"url\":\"https:\/\/depocarsandcoffee.cz\/en\/author\/ondrej\/\"}]}<\/script>\n<!-- \/ Yoast SEO plugin. -->","yoast_head_json":{"title":"TOYOTA GR YARIS \u2013 SERVIS A \u00daPRAVY - DEPO Cars &amp; Coffee","robots":{"index":"index","follow":"follow","max-snippet":"max-snippet:-1","max-image-preview":"max-image-preview:large","max-video-preview":"max-video-preview:-1"},"canonical":"https:\/\/depocarsandcoffee.cz\/en\/depo\/toyota-gr-yaris-servis-a-upravy\/","og_locale":"en_US","og_type":"article","og_title":"TOYOTA GR YARIS \u2013 SERVIS A \u00daPRAVY - DEPO Cars &amp; Coffee","og_description":"GR Yaris nen\u00ed \u017e\u00e1dn\u00e1 le\u0161t\u011bnka. Je to auto na rozbit\u00e9 lesn\u00ed okresky. Zkr\u00e1tka auto, kter\u00e9 dost\u00e1v\u00e1 po\u0159\u00e1dn\u011b do t\u011bla. V l\u00e9t\u011b na asfaltu nebo \u0161otolin\u011b a v zim\u011b na sn\u011bhu. N\u00e1ro\u010dn\u00e9mu nasazen\u00ed by proto m\u011bly odpov\u00eddat smyslupln\u00e9 \u00fapravy a tak\u00e9 pravideln\u00fd servis. Prvn\u00ed generace Toyoty GR Yaris je doslova bestseller. U n\u00e1s v \u010cesku se [&hellip;]","og_url":"https:\/\/depocarsandcoffee.cz\/en\/depo\/toyota-gr-yaris-servis-a-upravy\/","og_site_name":"DEPO Cars &amp; Coffee","article_published_time":"2024-09-13T11:49:12+00:00","article_modified_time":"2025-08-08T13:17:01+00:00","og_image":[{"width":1500,"height":1000,"url":"https:\/\/depocarsandcoffee.cz\/wp-content\/uploads\/2024\/09\/DEPO_GR-Yaris_04.jpg","type":"image\/jpeg"}],"author":"Ond\u0159ej","twitter_card":"summary_large_image","twitter_misc":{"Written by":"Ond\u0159ej","Est. reading time":"5 minutes"},"schema":{"@context":"https:\/\/schema.org","@graph":[{"@type":"Article","@id":"https:\/\/depocarsandcoffee.cz\/depo\/toyota-gr-yaris-servis-a-upravy\/#article","isPartOf":{"@id":"https:\/\/depocarsandcoffee.cz\/depo\/toyota-gr-yaris-servis-a-upravy\/"},"author":{"name":"Ond\u0159ej","@id":"https:\/\/depocarsandcoffee.cz\/#\/schema\/person\/254e48e695a19a10aed45d8f7568f367"},"headline":"TOYOTA GR YARIS \u2013 SERVIS A \u00daPRAVY","datePublished":"2024-09-13T11:49:12+00:00","dateModified":"2025-08-08T13:17:01+00:00","mainEntityOfPage":{"@id":"https:\/\/depocarsandcoffee.cz\/depo\/toyota-gr-yaris-servis-a-upravy\/"},"wordCount":1264,"publisher":{"@id":"https:\/\/depocarsandcoffee.cz\/#organization"},"image":{"@id":"https:\/\/depocarsandcoffee.cz\/depo\/toyota-gr-yaris-servis-a-upravy\/#primaryimage"},"thumbnailUrl":"https:\/\/depocarsandcoffee.cz\/wp-content\/uploads\/2024\/09\/DEPO_GR-Yaris_04.jpg","articleSection":["DEPO"],"inLanguage":"en-US"},{"@type":"WebPage","@id":"https:\/\/depocarsandcoffee.cz\/depo\/toyota-gr-yaris-servis-a-upravy\/","url":"https:\/\/depocarsandcoffee.cz\/depo\/toyota-gr-yaris-servis-a-upravy\/","name":"TOYOTA GR YARIS \u2013 SERVIS A \u00daPRAVY - DEPO Cars &amp; Coffee","isPartOf":{"@id":"https:\/\/depocarsandcoffee.cz\/#website"},"primaryImageOfPage":{"@id":"https:\/\/depocarsandcoffee.cz\/depo\/toyota-gr-yaris-servis-a-upravy\/#primaryimage"},"image":{"@id":"https:\/\/depocarsandcoffee.cz\/depo\/toyota-gr-yaris-servis-a-upravy\/#primaryimage"},"thumbnailUrl":"https:\/\/depocarsandcoffee.cz\/wp-content\/uploads\/2024\/09\/DEPO_GR-Yaris_04.jpg","datePublished":"2024-09-13T11:49:12+00:00","dateModified":"2025-08-08T13:17:01+00:00","breadcrumb":{"@id":"https:\/\/depocarsandcoffee.cz\/depo\/toyota-gr-yaris-servis-a-upravy\/#breadcrumb"},"inLanguage":"en-US","potentialAction":[{"@type":"ReadAction","target":["https:\/\/depocarsandcoffee.cz\/depo\/toyota-gr-yaris-servis-a-upravy\/"]}]},{"@type":"ImageObject","inLanguage":"en-US","@id":"https:\/\/depocarsandcoffee.cz\/depo\/toyota-gr-yaris-servis-a-upravy\/#primaryimage","url":"https:\/\/depocarsandcoffee.cz\/wp-content\/uploads\/2024\/09\/DEPO_GR-Yaris_04.jpg","contentUrl":"https:\/\/depocarsandcoffee.cz\/wp-content\/uploads\/2024\/09\/DEPO_GR-Yaris_04.jpg","width":1500,"height":1000,"caption":"tuning GR Yaris DEPO GR86"},{"@type":"BreadcrumbList","@id":"https:\/\/depocarsandcoffee.cz\/depo\/toyota-gr-yaris-servis-a-upravy\/#breadcrumb","itemListElement":[{"@type":"ListItem","position":1,"name":"Home","item":"https:\/\/depocarsandcoffee.cz\/"},{"@type":"ListItem","position":2,"name":"TOYOTA GR YARIS \u2013 SERVIS A \u00daPRAVY"}]},{"@type":"WebSite","@id":"https:\/\/depocarsandcoffee.cz\/#website","url":"https:\/\/depocarsandcoffee.cz\/","name":"DEPO Cars & Coffee","description":"Your one stop for everything cars.","publisher":{"@id":"https:\/\/depocarsandcoffee.cz\/#organization"},"potentialAction":[{"@type":"SearchAction","target":{"@type":"EntryPoint","urlTemplate":"https:\/\/depocarsandcoffee.cz\/?s={search_term_string}"},"query-input":{"@type":"PropertyValueSpecification","valueRequired":true,"valueName":"search_term_string"}}],"inLanguage":"en-US"},{"@type":"Organization","@id":"https:\/\/depocarsandcoffee.cz\/#organization","name":"DEPO Cars & Coffee","url":"https:\/\/depocarsandcoffee.cz\/","logo":{"@type":"ImageObject","inLanguage":"en-US","@id":"https:\/\/depocarsandcoffee.cz\/#\/schema\/logo\/image\/","url":"https:\/\/depocarsandcoffee.cz\/wp-content\/uploads\/2023\/01\/Primarni-logo@2x.png","contentUrl":"https:\/\/depocarsandcoffee.cz\/wp-content\/uploads\/2023\/01\/Primarni-logo@2x.png","width":409,"height":409,"caption":"DEPO Cars & Coffee"},"image":{"@id":"https:\/\/depocarsandcoffee.cz\/#\/schema\/logo\/image\/"},"sameAs":["http:\/\/instagram.com\/depocarscoffee","https:\/\/www.youtube.com\/channel\/UC21C7JYLMp2jwrSVcU3cbPg"]},{"@type":"Person","@id":"https:\/\/depocarsandcoffee.cz\/#\/schema\/person\/254e48e695a19a10aed45d8f7568f367","name":"Ond\u0159ej","image":{"@type":"ImageObject","inLanguage":"en-US","@id":"https:\/\/depocarsandcoffee.cz\/#\/schema\/person\/image\/","url":"https:\/\/secure.gravatar.com\/avatar\/d9dc50c98f3777c44de2933b0a9ab47825ee5cbe2fa64da3b6c7bb1c4b2eadba?s=96&d=mm&r=g","contentUrl":"https:\/\/secure.gravatar.com\/avatar\/d9dc50c98f3777c44de2933b0a9ab47825ee5cbe2fa64da3b6c7bb1c4b2eadba?s=96&d=mm&r=g","caption":"Ond\u0159ej"},"url":"https:\/\/depocarsandcoffee.cz\/en\/author\/ondrej\/"}]}},"_links":{"self":[{"href":"https:\/\/depocarsandcoffee.cz\/en\/wp-json\/wp\/v2\/posts\/242935","targetHints":{"allow":["GET"]}}],"collection":[{"href":"https:\/\/depocarsandcoffee.cz\/en\/wp-json\/wp\/v2\/posts"}],"about":[{"href":"https:\/\/depocarsandcoffee.cz\/en\/wp-json\/wp\/v2\/types\/post"}],"author":[{"embeddable":true,"href":"https:\/\/depocarsandcoffee.cz\/en\/wp-json\/wp\/v2\/users\/2"}],"replies":[{"embeddable":true,"href":"https:\/\/depocarsandcoffee.cz\/en\/wp-json\/wp\/v2\/comments?post=242935"}],"version-history":[{"count":6,"href":"https:\/\/depocarsandcoffee.cz\/en\/wp-json\/wp\/v2\/posts\/242935\/revisions"}],"predecessor-version":[{"id":243705,"href":"https:\/\/depocarsandcoffee.cz\/en\/wp-json\/wp\/v2\/posts\/242935\/revisions\/243705"}],"wp:featuredmedia":[{"embeddable":true,"href":"https:\/\/depocarsandcoffee.cz\/en\/wp-json\/wp\/v2\/media\/242936"}],"wp:attachment":[{"href":"https:\/\/depocarsandcoffee.cz\/en\/wp-json\/wp\/v2\/media?parent=242935"}],"wp:term":[{"taxonomy":"category","embeddable":true,"href":"https:\/\/depocarsandcoffee.cz\/en\/wp-json\/wp\/v2\/categories?post=242935"},{"taxonomy":"post_tag","embeddable":true,"href":"https:\/\/depocarsandcoffee.cz\/en\/wp-json\/wp\/v2\/tags?post=242935"}],"curies":[{"name":"wp","href":"https:\/\/api.w.org\/{rel}","templated":true}]}}