{"id":243546,"date":"2025-06-12T08:36:28","date_gmt":"2025-06-12T08:36:28","guid":{"rendered":"https:\/\/depocarsandcoffee.cz\/?p=243546"},"modified":"2025-08-08T13:17:37","modified_gmt":"2025-08-08T13:17:37","slug":"tuning-a-upravy-bmw-m-gx","status":"publish","type":"post","link":"https:\/\/depocarsandcoffee.cz\/en\/depo\/tuning-a-upravy-bmw-m-gx\/","title":{"rendered":"TUNING A \u00daPRAVY BMW M Gx"},"content":{"rendered":"<p><strong>Nejnov\u011bj\u0161\u00ed sportovn\u00ed BMW pat\u0159\u00ed skute\u010dn\u011b k tomu nejlep\u0161\u00edmu v dan\u00e9 cenov\u00e9 kategorii. V na\u0161\u00ed d\u00edln\u011b ale dok\u00e1\u017eeme tato skv\u011bl\u00e1 auta je\u0161t\u011b vylep\u0161it. B\u011bhem \u00faprav nezapom\u00edn\u00e1me ani na edukaci majitel\u016f a kvalitn\u00ed servis<\/strong>.<\/p>\n\n\n\n<p>Aktu\u00e1ln\u00ed generace Gx emkov\u00fdch BMW postupn\u011b vytla\u010duje dosluhuj\u00edc\u00ed Fx. \u010c\u00edm d\u00e1l \u010dast\u011bji se na trackdays i v na\u0161\u00ed d\u00edln\u011b setk\u00e1v\u00e1me hlavn\u011b s M4 G82 a M2 G87, kter\u00e1 je po ned\u00e1vn\u00e9 modernizaci skute\u010dn\u011b poveden\u00fdm sportovn\u00edm kup\u00e9, jak m\u016f\u017eete vid\u011bt <a href=\"https:\/\/www.youtube.com\/watch?v=LMDKcuaAu-Q\">v na\u0161em testu na YouTube<\/a>. K \u00fapln\u00e9mu vrcholu ov\u0161em pat\u0159\u00ed <a href=\"https:\/\/www.youtube.com\/watch?v=wde5XqocBsk\">n\u00e1mi obl\u00edben\u00e1 G82 M4 CS<\/a>! V\u0161echna tato \u0161pi\u010dkov\u00e1 auta je mo\u017en\u00e9 technicky i \u0159idi\u010dsky je\u0161t\u011b posunout. To hlavn\u011b pokud s nimi zam\u00fd\u0161l\u00edte vyrazit na z\u00e1vodn\u00ed okruh. Tomu mimo jin\u00e9 mus\u00ed odpov\u00eddat i pravideln\u00fd servis a \u00fadr\u017eba.&nbsp;<\/p>\n\n\n\n<h2 class=\"wp-block-heading\"><strong>PODVOZEK<\/strong><\/h2>\n\n\n\n<p>U BMW M aut <a href=\"https:\/\/youtu.be\/XyQTIDM9_O0?si=AdHto2Q83s-ybrQr\">v\u017edy za\u010d\u00edn\u00e1me \u00fapravami podvozku<\/a>. Ne proto, \u017ee by ve standardn\u00edm nastaven\u00ed jezdila M2, M3 nebo M4 \u0161patn\u011b. Jejich nastaven\u00ed je pochopiteln\u011b prim\u00e1rn\u011b pro daily pou\u017eit\u00ed a&nbsp;ob\u010dasn\u00e9 dynamick\u00e9 svezen\u00ed jak na silnici, tak z\u00e1vodn\u00edm okruhu. Nejsou to jednodu\u0161e tak radik\u00e1ln\u011b nastaven\u00e1 auta, jako nap\u0159\u00edklad Porsche GT3 RS.<\/p>\n\n\n\n<p>Jak p\u0159i \u00faprav\u00e1ch podvozk\u016f BMW M postupujeme? V\u017edy je pro n\u00e1s d\u016fle\u017eit\u00e9 v\u011bd\u011bt, jak s autem bude z\u00e1kazn\u00edk jezdit, kde s n\u00edm bude jezdit a jak\u00fd je jeho \u0159idi\u010dsk\u00fd skill. Z\u00e1kladn\u00ed a obl\u00edbenou \u00fapravou je zm\u011bna geometrie podvozku. Li\u0161\u00ed se nastaven\u00ed pro silni\u010dn\u00ed a okruhov\u00e9 pou\u017eit\u00ed, podobn\u011b jako pro drift nebo maxim\u00e1ln\u00ed grip.&nbsp;&nbsp;<\/p>\n\n\n\n<blockquote class=\"wp-block-quote is-layout-flow wp-block-quote-is-layout-flow\">\n<p><strong>S \u00fapravami podvozku souvis\u00ed mimo jin\u00e9 lehk\u00e1 a co mo\u017en\u00e1 nejmen\u0161\u00ed kola a v\u00fdkonn\u00e9 pneumatiky!<\/strong><\/p>\n<\/blockquote>\n\n\n\n<p>Dal\u0161\u00edm a st\u00e1le velmi odstupn\u00fdm a efektivn\u00edm krokem je kombinace sn\u00ed\u017een\u00fdch pru\u017ein a&nbsp;p\u0159edn\u00edho horn\u00edho ulo\u017een\u00ed s mo\u017enost\u00ed nastaven\u00ed negativn\u00edho odklonu kol. Hlavn\u011b pro trackdays pou\u017eit\u00ed je to velmi efektivn\u00ed \u0159e\u0161en\u00ed pom\u011bru cena\/v\u00fdkon. Nap\u0159\u00edklad standardn\u00edm M2 G87 s t\u00edmto z\u00e1kladn\u00edm setupem podvozku dok\u00e1\u017ee zajet na z\u00e1vodn\u00edm okruhu v Most\u011b \u010dasy na kolo snadno pod 1:48. Nejv\u011bt\u0161\u00edm bonusem je v\u0161ak pocit v\u011bt\u0161\u00ed stability a jistoty. Pru\u017einy pou\u017e\u00edv\u00e1me nejrad\u011bji origin\u00e1ln\u00ed z programu BMW M Performance, kter\u00e9 jsou vyvinut\u00e9 ve spolupr\u00e1ci s KW Automotive.&nbsp;&nbsp;<\/p>\n\n\n\n<p>Od stejn\u00e9ho v\u00fdrobce pou\u017e\u00edv\u00e1me i kompletn\u00ed podvozkov\u00e9 kity obsahuj\u00edc\u00ed nastaven\u00ed tlumi\u010de, pru\u017einy a ramena zadn\u00ed n\u00e1pravy. Velmi obl\u00edbenou variantou je <a href=\"https:\/\/youtu.be\/OnxN2cG4e3A?si=Omd3U4Nob-_paYeo\">model V4 Clubsport<\/a>. Tyto podvozkov\u00e9 syst\u00e9my jdou voliteln\u011b doplnit o unibal ulo\u017een\u00ed podvozkov\u00fdch komponent\u016f, z\u00e1vodn\u00ed ramena a spoustu dal\u0161\u00edch efektivn\u00edch \u0159e\u0161en\u00ed vhodn\u00fdch prim\u00e1rn\u011b pro okruhov\u00e9 pou\u017eit\u00ed.&nbsp;&nbsp;&nbsp;<\/p>\n\n\n\n<p>S \u00fapravami podvozku souvis\u00ed mimo jin\u00e9 lehk\u00e1 a co mo\u017en\u00e1 nejmen\u0161\u00ed kola a v\u00fdkonn\u00e9 pneumatiky. Tady je mo\u017enost\u00ed skute\u010dn\u011b mnoho a z\u00e1le\u017e\u00ed jen na vkusu a budgetu konkr\u00e9tn\u00edho z\u00e1kazn\u00edka. U n\u00e1s jsme si obl\u00edbili hlavn\u011b produkty italsk\u00e9ho v\u00fdrobce OZ Racing a velmi dobrou volbou jsou i z\u00e1kladn\u00ed 18\u201d kovan\u00e1 kola p\u0159\u00edmo od BMW, kter\u00e1 jsou ide\u00e1ln\u00ed v kombinaci se standardn\u00edmi ocelov\u00fdmi brzdami.&nbsp;<\/p>\n\n\n\n<h2 class=\"wp-block-heading\"><strong>BRZDY<\/strong><\/h2>\n\n\n\n<p>Brzdov\u00fd syst\u00e9m je dal\u0161\u00edm velmi \u010dast\u00fdm upgradem. Pro silni\u010dn\u00ed svezen\u00ed dosta\u010duj\u00ed standardn\u00ed brzdov\u00e9 komponenty op\u011bt z programu BMW M Performance, pokud jsou spr\u00e1vn\u011b pou\u017e\u00edvan\u00e9 a zajet\u00e9. Jak spr\u00e1vn\u011b brzdy pou\u017e\u00edvat r\u00e1di na\u0161im z\u00e1kazn\u00edk\u016fm sd\u011bl\u00edme nebo se sami mohou pod\u00edvat na <a href=\"https:\/\/youtu.be\/lOGPCHcVdz0?si=Ctc5WhBLRcusBkg7\">technick\u00e9 tipy a rady na na\u0161em YouTube kan\u00e1le<\/a>.&nbsp;<\/p>\n\n\n\n<figure class=\"wp-block-gallery has-nested-images columns-default is-cropped wp-block-gallery-1 is-layout-flex wp-block-gallery-is-layout-flex\">\n<figure class=\"wp-block-image size-large\"><img loading=\"lazy\" decoding=\"async\" width=\"683\" height=\"1024\" data-id=\"243552\" src=\"https:\/\/depocarsandcoffee.cz\/wp-content\/uploads\/2025\/06\/DEPO_BMW_M2-15-1-683x1024.jpg\" alt=\"\" class=\"wp-image-243552\"\/><\/figure>\n\n\n\n<figure class=\"wp-block-image size-large\"><img loading=\"lazy\" decoding=\"async\" width=\"683\" height=\"1024\" data-id=\"243553\" src=\"https:\/\/depocarsandcoffee.cz\/wp-content\/uploads\/2025\/06\/DSC00374-683x1024.jpg\" alt=\"\" class=\"wp-image-243553\"\/><\/figure>\n\n\n\n<figure class=\"wp-block-image size-large\"><img loading=\"lazy\" decoding=\"async\" width=\"683\" height=\"1024\" data-id=\"243554\" src=\"https:\/\/depocarsandcoffee.cz\/wp-content\/uploads\/2025\/06\/DSC00818-683x1024.jpg\" alt=\"\" class=\"wp-image-243554\"\/><\/figure>\n<\/figure>\n\n\n\n<p><\/p>\n\n\n\n<p>Z\u00e1kladn\u00ed bal\u00ed\u010dek pro vylep\u0161en\u00ed brzdov\u00e9ho syst\u00e9mu obn\u00e1\u0161\u00ed kvalitn\u011bj\u0161\u00ed z\u00e1vodn\u00ed komponenty, jako jsou brzdov\u00e9 desky, brzdov\u00e9 kotou\u010de a voliteln\u011b brzdov\u00e1 kapalina s vy\u0161\u0161\u00edm bodem varu. M\u00e1me ji\u017e testov\u00e1no n\u011bkolik funk\u010dn\u00edch kombinac\u00ed pro konkr\u00e9tn\u00ed aplikace. Rozumn\u00fdm dopl\u0148kem pro okruhov\u00e9 pou\u017eit\u00ed je tak\u00e9 dodate\u010dn\u00e9 chlazen\u00ed hlavn\u011b brzd p\u0159edn\u00ed n\u00e1pravy. Nejen zvy\u0161uje odolnost brzdov\u00e9ho syst\u00e9mu, ale tak\u00e9 \u017eivotnost komponent v\u010detn\u011b prachovek brzdov\u00fdch t\u0159men\u016f, kter\u00e9 jsou pochopiteln\u011b v p\u0159\u00edpad\u011b pot\u0159eby repasovat.&nbsp;<\/p>\n\n\n\n<p>V p\u0159\u00edpad\u011b karbon-keramick\u00fdch kotou\u010d\u016f sta\u010d\u00ed upgrade za v\u00fdkonn\u011bj\u0161\u00ed brzdov\u00e9 oblo\u017een\u00ed. Nej\u010dast\u011bji pou\u017e\u00edv\u00e1me produkty Pagid a Endless. Na p\u0159\u00e1n\u00ed instalujeme i dodate\u010dn\u00e9 chlazen\u00ed, ale doporu\u010dujeme jej pro silni\u010dn\u00ed pou\u017eit\u00ed v kombinaci s karbon-keramick\u00fdmi kotou\u010di.<\/p>\n\n\n\n<h2 class=\"wp-block-heading\"><strong>ERGONOMIE A BEZPE\u010cNOST<\/strong><\/h2>\n\n\n\n<p>BMW M v generaci Gx p\u0159i\u0161lo s velmi poveden\u00fdmi voliteln\u00fdmi sedadly z karbonov\u00e9 sko\u0159epiny. Jsou lehk\u00e9 a pou\u017eiteln\u00e9 pro denn\u00ed je\u017ed\u011bn\u00ed a dynamick\u00e9 svezen\u00ed na z\u00e1vodn\u00edm okruhu. Jednodu\u0161e jdou toti\u017e doplnit o \u010dty\u0159bodov\u00e9 bezpe\u010dnostn\u00ed p\u00e1sy.&nbsp;<\/p>\n\n\n\n<p>Kdo to ale mysl\u00ed se sportovn\u00ed j\u00edzdou skute\u010dn\u011b v\u00e1\u017en\u011b, neobejde se bez po\u0159\u00e1dn\u00fdch sko\u0159epin. Obl\u00edben\u00fdm z\u00e1kladem je model Pole Position od v\u00fdrobce Recaro. Pro okruhov\u00e9 pou\u017eit\u00ed ale doporu\u010dujeme sp\u00ed\u0161e pevn\u011bj\u0161\u00ed sedadlo SPG Profi. To je dostupn\u00e9 ve dvou velikostech. Pochopiteln\u011b k t\u011bmto sedadl\u016fm v\u017edy instalujeme \u0161estibodov\u00e9 z\u00e1vodn\u00ed bezpe\u010dnostn\u00ed p\u00e1sy a&nbsp;ide\u00e1ln\u00ed je alespo\u0148 polovi\u010dn\u00ed bezpe\u010dnostn\u00ed r\u00e1m od B sloupku dozadu. V kombinaci s t\u011bmito \u00fapravami doporu\u010dujeme pou\u017eit\u00ed bezpe\u010dnostn\u00ed helmy se syst\u00e9mem Hans p\u0159i okruhov\u00e9m je\u017ed\u011bn\u00ed.<\/p>\n\n\n\n<h2 class=\"wp-block-heading\"><strong>AERODYNAMIKA<\/strong><\/h2>\n\n\n\n<p>Jsou dv\u011b mo\u017enosti. Z\u00e1kladn\u00ed silni\u010dn\u00ed \u00faprava je nejefektivn\u011bj\u0161\u00ed z programu BMW M Performance nebo voliteln\u011b od slovinsk\u00e9ho v\u00fdrobce Akrapovi\u010d, kter\u00fd nab\u00edz\u00ed moc hezk\u00e9 zadn\u00ed k\u0159\u00eddlo. Druh\u00fdm a skute\u010dn\u011b radik\u00e1ln\u00edm \u0159e\u0161en\u00edm pro trackdays i z\u00e1vodn\u00ed pou\u017eit\u00ed je aero bal\u00ed\u010dek BMW Motorsport p\u0159\u00edmo z tov\u00e1rn\u00ed M4 GT4 Evo.&nbsp;<\/p>\n\n\n\n<h2 class=\"wp-block-heading\"><strong>V\u00ddKON<\/strong><\/h2>\n\n\n\n<p>Opravdu si nemysl\u00edme, \u017ee BMW M2, M3 a M4 pot\u0159ebuje zvy\u0161ov\u00e1n\u00ed v\u00fdkonu. U\u017e v\u016fbec ne pomoc\u00ed \u0159e\u0161en\u00ed levn\u00fdch syst\u00e9m\u016f pomoc\u00ed instalace skrze OBD port nebo napojen\u00edm extern\u00edho za\u0159\u00edzen\u00ed do \u0159\u00edd\u00edc\u00ed jednotky. Kdy\u017e u\u017e u n\u00e1s \u0159e\u0161\u00edme zv\u00fd\u0161en\u00ed v\u00fdkonu, tak lad\u011bn\u00edm p\u0159\u00edmo na motorov\u00e9 brzd\u011b pro dokonal\u00e9 slad\u011bn\u00ed s hardwarov\u00fdmi \u00fapravami motoru a v\u00fdfukov\u00e9ho syst\u00e9mu. V\u017edy je v\u0161ak nutn\u00e9 po\u010d\u00edtat se ztr\u00e1tou tov\u00e1rn\u00ed z\u00e1ruky. BMW m\u00e1 toti\u017e velmi chytr\u00fd syst\u00e9m, a dokonce pouh\u00e9 odstran\u011bn\u00ed OPF filtru okam\u017eit\u011b zjist\u00ed centr\u00e1ln\u00ed syst\u00e9m, a to dokonce i p\u0159i pou\u017eit\u00ed extern\u00edch ru\u0161i\u010dek, kter\u00e9 nab\u00edz\u00ed cel\u00e1 \u0159ada v\u00fdrobc\u016f a tuner\u016f.<\/p>\n\n\n\n<h2 class=\"wp-block-heading\"><strong>SERVIS<\/strong><\/h2>\n\n\n\n<p>Jako u ka\u017ed\u00e9ho sportovn\u00edho auta, kter\u00e9 je pou\u017e\u00edv\u00e1no naplno, vy\u017eaduj\u00ed i v\u0161echny BMW M modely pot\u0159ebnou p\u00e9\u010di. V na\u0161\u00ed d\u00edln\u011b doporu\u010dujeme n\u00e1sleduj\u00edc\u00ed intervaly.<\/p>\n\n\n\n<h2 class=\"wp-block-heading\"><strong>Sportovn\u00ed j\u00edzda na ve\u0159ejn\u00fdch silnic\u00edch<\/strong><\/h2>\n\n\n\n<p><a href=\"https:\/\/youtu.be\/wsM5PQeM67g?si=n30QNzzEh0IIX8Va\">Motorov\u00fd olej <\/a>5000 km nebo jednou ro\u010dn\u011b<\/p>\n\n\n\n<p>Brzdov\u00e1 kapalina 10 000 km nebo jednou ro\u010dn\u011b<\/p>\n\n\n\n<p>Sportovn\u00ed vzduchov\u00fd filtr 10 000 km<\/p>\n\n\n\n<p>OEM vzduchov\u00fdch filtr 15 000 km<\/p>\n\n\n\n<p>Olej diferenci\u00e1l 15 000 km<\/p>\n\n\n\n<p>Geometrie podvozku 15 000 km&nbsp;<\/p>\n\n\n\n<p>Olej p\u0159evodovka 20 000 km<\/p>\n\n\n\n<h2 class=\"wp-block-heading\"><strong>Okruhov\u00e9 pou\u017eit\u00ed a trackdays<\/strong><\/h2>\n\n\n\n<p>Motorov\u00fd olej maxim\u00e1ln\u011b 2000 km nebo ide\u00e1ln\u011b po ka\u017ed\u00e9m je\u017ed\u011bn\u00ed<\/p>\n\n\n\n<p>Brzdov\u00e1 kapalina maxim\u00e1ln\u011b 2000 km nebo ide\u00e1ln\u011b po ka\u017ed\u00e9m je\u017ed\u011bn\u00ed&nbsp;<\/p>\n\n\n\n<p>Sportovn\u00ed vzduchov\u00fd filtr 5000 km<\/p>\n\n\n\n<p>OEM vzduchov\u00fd filtr 5000 km<\/p>\n\n\n\n<p>Olej diferenci\u00e1l 5000 km<\/p>\n\n\n\n<p>Geometrie podvozku maxim\u00e1ln\u011b 5000 km nebo podle pot\u0159eby \u010dast\u011bji&nbsp;&nbsp;<\/p>\n\n\n\n<p>Olej p\u0159evodovka 10 000 km<\/p>\n\n\n\n<p><\/p>\n\n\n\n<p>Pokud m\u00e1\u0161 jak\u00e9koliv dotazy na t\u00e9ma performance \u00fapravy nebo servis BMW M,\u00a0<a href=\"https:\/\/depocarsandcoffee.cz\/en\/kontakt\/\">nev\u00e1hej n\u00e1s kontaktovat<\/a>!<\/p>\n\n\n\n<p><\/p>\n\n\n\n<p><\/p>\n\n\n\n<figure class=\"wp-block-embed is-type-video is-provider-youtube wp-block-embed-youtube wp-embed-aspect-16-9 wp-has-aspect-ratio\"><div class=\"wp-block-embed__wrapper\">\n<iframe loading=\"lazy\" title=\"Jak se p\u0159ipravit na okruhov\u00e9 je\u017ed\u011bn\u00ed? | DEPO Tipy | Ep. 001\" width=\"1080\" height=\"608\" src=\"https:\/\/www.youtube.com\/embed\/OnxN2cG4e3A?feature=oembed\"  allow=\"accelerometer; autoplay; clipboard-write; encrypted-media; gyroscope; picture-in-picture; web-share\" referrerpolicy=\"strict-origin-when-cross-origin\" allowfullscreen><\/iframe>\n<\/div><\/figure>","protected":false},"excerpt":{"rendered":"<p>Nejnov\u011bj\u0161\u00ed sportovn\u00ed BMW pat\u0159\u00ed skute\u010dn\u011b k tomu nejlep\u0161\u00edmu v dan\u00e9 cenov\u00e9 kategorii. V na\u0161\u00ed d\u00edln\u011b ale dok\u00e1\u017eeme tato skv\u011bl\u00e1 auta je\u0161t\u011b vylep\u0161it. B\u011bhem \u00faprav nezapom\u00edn\u00e1me ani na edukaci majitel\u016f a kvalitn\u00ed servis. Aktu\u00e1ln\u00ed generace Gx emkov\u00fdch BMW postupn\u011b vytla\u010duje dosluhuj\u00edc\u00ed Fx. \u010c\u00edm d\u00e1l \u010dast\u011bji se na trackdays i v na\u0161\u00ed d\u00edln\u011b setk\u00e1v\u00e1me hlavn\u011b s M4 [&hellip;]<\/p>\n","protected":false},"author":2,"featured_media":243550,"comment_status":"closed","ping_status":"closed","sticky":false,"template":"","format":"standard","meta":{"_et_pb_use_builder":"off","_et_pb_old_content":"","_et_gb_content_width":"1080","footnotes":""},"categories":[12],"tags":[],"class_list":["post-243546","post","type-post","status-publish","format-standard","has-post-thumbnail","hentry","category-depo"],"yoast_head":"<!-- This site is optimized with the Yoast SEO plugin v27.0 - https:\/\/yoast.com\/product\/yoast-seo-wordpress\/ -->\n<title>TUNING A \u00daPRAVY BMW M Gx - DEPO Cars &amp; Coffee<\/title>\n<meta name=\"robots\" content=\"index, follow, max-snippet:-1, max-image-preview:large, max-video-preview:-1\" \/>\n<link rel=\"canonical\" href=\"https:\/\/depocarsandcoffee.cz\/en\/depo\/tuning-a-upravy-bmw-m-gx\/\" \/>\n<meta property=\"og:locale\" content=\"en_US\" \/>\n<meta property=\"og:type\" content=\"article\" \/>\n<meta property=\"og:title\" content=\"TUNING A \u00daPRAVY BMW M Gx - DEPO Cars &amp; Coffee\" \/>\n<meta property=\"og:description\" content=\"Nejnov\u011bj\u0161\u00ed sportovn\u00ed BMW pat\u0159\u00ed skute\u010dn\u011b k tomu nejlep\u0161\u00edmu v dan\u00e9 cenov\u00e9 kategorii. V na\u0161\u00ed d\u00edln\u011b ale dok\u00e1\u017eeme tato skv\u011bl\u00e1 auta je\u0161t\u011b vylep\u0161it. B\u011bhem \u00faprav nezapom\u00edn\u00e1me ani na edukaci majitel\u016f a kvalitn\u00ed servis. Aktu\u00e1ln\u00ed generace Gx emkov\u00fdch BMW postupn\u011b vytla\u010duje dosluhuj\u00edc\u00ed Fx. \u010c\u00edm d\u00e1l \u010dast\u011bji se na trackdays i v na\u0161\u00ed d\u00edln\u011b setk\u00e1v\u00e1me hlavn\u011b s M4 [&hellip;]\" \/>\n<meta property=\"og:url\" content=\"https:\/\/depocarsandcoffee.cz\/en\/depo\/tuning-a-upravy-bmw-m-gx\/\" \/>\n<meta property=\"og:site_name\" content=\"DEPO Cars &amp; Coffee\" \/>\n<meta property=\"article:published_time\" content=\"2025-06-12T08:36:28+00:00\" \/>\n<meta property=\"article:modified_time\" content=\"2025-08-08T13:17:37+00:00\" \/>\n<meta property=\"og:image\" content=\"https:\/\/depocarsandcoffee.cz\/wp-content\/uploads\/2025\/06\/IMG_9036.jpg\" \/>\n\t<meta property=\"og:image:width\" content=\"1633\" \/>\n\t<meta property=\"og:image:height\" content=\"919\" \/>\n\t<meta property=\"og:image:type\" content=\"image\/jpeg\" \/>\n<meta name=\"author\" content=\"Ond\u0159ej\" \/>\n<meta name=\"twitter:card\" content=\"summary_large_image\" \/>\n<meta name=\"twitter:label1\" content=\"Written by\" \/>\n\t<meta name=\"twitter:data1\" content=\"Ond\u0159ej\" \/>\n\t<meta name=\"twitter:label2\" content=\"Est. reading time\" \/>\n\t<meta name=\"twitter:data2\" content=\"5 minutes\" \/>\n<script type=\"application\/ld+json\" class=\"yoast-schema-graph\">{\"@context\":\"https:\/\/schema.org\",\"@graph\":[{\"@type\":\"Article\",\"@id\":\"https:\/\/depocarsandcoffee.cz\/depo\/tuning-a-upravy-bmw-m-gx\/#article\",\"isPartOf\":{\"@id\":\"https:\/\/depocarsandcoffee.cz\/depo\/tuning-a-upravy-bmw-m-gx\/\"},\"author\":{\"name\":\"Ond\u0159ej\",\"@id\":\"https:\/\/depocarsandcoffee.cz\/#\/schema\/person\/254e48e695a19a10aed45d8f7568f367\"},\"headline\":\"TUNING A \u00daPRAVY BMW M Gx\",\"datePublished\":\"2025-06-12T08:36:28+00:00\",\"dateModified\":\"2025-08-08T13:17:37+00:00\",\"mainEntityOfPage\":{\"@id\":\"https:\/\/depocarsandcoffee.cz\/depo\/tuning-a-upravy-bmw-m-gx\/\"},\"wordCount\":1346,\"publisher\":{\"@id\":\"https:\/\/depocarsandcoffee.cz\/#organization\"},\"image\":{\"@id\":\"https:\/\/depocarsandcoffee.cz\/depo\/tuning-a-upravy-bmw-m-gx\/#primaryimage\"},\"thumbnailUrl\":\"https:\/\/depocarsandcoffee.cz\/wp-content\/uploads\/2025\/06\/IMG_9036.jpg\",\"articleSection\":[\"DEPO\"],\"inLanguage\":\"en-US\"},{\"@type\":\"WebPage\",\"@id\":\"https:\/\/depocarsandcoffee.cz\/depo\/tuning-a-upravy-bmw-m-gx\/\",\"url\":\"https:\/\/depocarsandcoffee.cz\/depo\/tuning-a-upravy-bmw-m-gx\/\",\"name\":\"TUNING A \u00daPRAVY BMW M Gx - DEPO Cars &amp; Coffee\",\"isPartOf\":{\"@id\":\"https:\/\/depocarsandcoffee.cz\/#website\"},\"primaryImageOfPage\":{\"@id\":\"https:\/\/depocarsandcoffee.cz\/depo\/tuning-a-upravy-bmw-m-gx\/#primaryimage\"},\"image\":{\"@id\":\"https:\/\/depocarsandcoffee.cz\/depo\/tuning-a-upravy-bmw-m-gx\/#primaryimage\"},\"thumbnailUrl\":\"https:\/\/depocarsandcoffee.cz\/wp-content\/uploads\/2025\/06\/IMG_9036.jpg\",\"datePublished\":\"2025-06-12T08:36:28+00:00\",\"dateModified\":\"2025-08-08T13:17:37+00:00\",\"breadcrumb\":{\"@id\":\"https:\/\/depocarsandcoffee.cz\/depo\/tuning-a-upravy-bmw-m-gx\/#breadcrumb\"},\"inLanguage\":\"en-US\",\"potentialAction\":[{\"@type\":\"ReadAction\",\"target\":[\"https:\/\/depocarsandcoffee.cz\/depo\/tuning-a-upravy-bmw-m-gx\/\"]}]},{\"@type\":\"ImageObject\",\"inLanguage\":\"en-US\",\"@id\":\"https:\/\/depocarsandcoffee.cz\/depo\/tuning-a-upravy-bmw-m-gx\/#primaryimage\",\"url\":\"https:\/\/depocarsandcoffee.cz\/wp-content\/uploads\/2025\/06\/IMG_9036.jpg\",\"contentUrl\":\"https:\/\/depocarsandcoffee.cz\/wp-content\/uploads\/2025\/06\/IMG_9036.jpg\",\"width\":1633,\"height\":919,\"caption\":\"BMW M3 CS G80 gometrie\"},{\"@type\":\"BreadcrumbList\",\"@id\":\"https:\/\/depocarsandcoffee.cz\/depo\/tuning-a-upravy-bmw-m-gx\/#breadcrumb\",\"itemListElement\":[{\"@type\":\"ListItem\",\"position\":1,\"name\":\"Home\",\"item\":\"https:\/\/depocarsandcoffee.cz\/\"},{\"@type\":\"ListItem\",\"position\":2,\"name\":\"TUNING A \u00daPRAVY BMW M Gx\"}]},{\"@type\":\"WebSite\",\"@id\":\"https:\/\/depocarsandcoffee.cz\/#website\",\"url\":\"https:\/\/depocarsandcoffee.cz\/\",\"name\":\"DEPO Cars & Coffee\",\"description\":\"Your one stop for everything cars.\",\"publisher\":{\"@id\":\"https:\/\/depocarsandcoffee.cz\/#organization\"},\"potentialAction\":[{\"@type\":\"SearchAction\",\"target\":{\"@type\":\"EntryPoint\",\"urlTemplate\":\"https:\/\/depocarsandcoffee.cz\/?s={search_term_string}\"},\"query-input\":{\"@type\":\"PropertyValueSpecification\",\"valueRequired\":true,\"valueName\":\"search_term_string\"}}],\"inLanguage\":\"en-US\"},{\"@type\":\"Organization\",\"@id\":\"https:\/\/depocarsandcoffee.cz\/#organization\",\"name\":\"DEPO Cars & Coffee\",\"url\":\"https:\/\/depocarsandcoffee.cz\/\",\"logo\":{\"@type\":\"ImageObject\",\"inLanguage\":\"en-US\",\"@id\":\"https:\/\/depocarsandcoffee.cz\/#\/schema\/logo\/image\/\",\"url\":\"https:\/\/depocarsandcoffee.cz\/wp-content\/uploads\/2023\/01\/Primarni-logo@2x.png\",\"contentUrl\":\"https:\/\/depocarsandcoffee.cz\/wp-content\/uploads\/2023\/01\/Primarni-logo@2x.png\",\"width\":409,\"height\":409,\"caption\":\"DEPO Cars & Coffee\"},\"image\":{\"@id\":\"https:\/\/depocarsandcoffee.cz\/#\/schema\/logo\/image\/\"},\"sameAs\":[\"http:\/\/instagram.com\/depocarscoffee\",\"https:\/\/www.youtube.com\/channel\/UC21C7JYLMp2jwrSVcU3cbPg\"]},{\"@type\":\"Person\",\"@id\":\"https:\/\/depocarsandcoffee.cz\/#\/schema\/person\/254e48e695a19a10aed45d8f7568f367\",\"name\":\"Ond\u0159ej\",\"image\":{\"@type\":\"ImageObject\",\"inLanguage\":\"en-US\",\"@id\":\"https:\/\/depocarsandcoffee.cz\/#\/schema\/person\/image\/\",\"url\":\"https:\/\/secure.gravatar.com\/avatar\/d9dc50c98f3777c44de2933b0a9ab47825ee5cbe2fa64da3b6c7bb1c4b2eadba?s=96&d=mm&r=g\",\"contentUrl\":\"https:\/\/secure.gravatar.com\/avatar\/d9dc50c98f3777c44de2933b0a9ab47825ee5cbe2fa64da3b6c7bb1c4b2eadba?s=96&d=mm&r=g\",\"caption\":\"Ond\u0159ej\"},\"url\":\"https:\/\/depocarsandcoffee.cz\/en\/author\/ondrej\/\"}]}<\/script>\n<!-- \/ Yoast SEO plugin. -->","yoast_head_json":{"title":"TUNING A \u00daPRAVY BMW M Gx - DEPO Cars &amp; Coffee","robots":{"index":"index","follow":"follow","max-snippet":"max-snippet:-1","max-image-preview":"max-image-preview:large","max-video-preview":"max-video-preview:-1"},"canonical":"https:\/\/depocarsandcoffee.cz\/en\/depo\/tuning-a-upravy-bmw-m-gx\/","og_locale":"en_US","og_type":"article","og_title":"TUNING A \u00daPRAVY BMW M Gx - DEPO Cars &amp; Coffee","og_description":"Nejnov\u011bj\u0161\u00ed sportovn\u00ed BMW pat\u0159\u00ed skute\u010dn\u011b k tomu nejlep\u0161\u00edmu v dan\u00e9 cenov\u00e9 kategorii. V na\u0161\u00ed d\u00edln\u011b ale dok\u00e1\u017eeme tato skv\u011bl\u00e1 auta je\u0161t\u011b vylep\u0161it. B\u011bhem \u00faprav nezapom\u00edn\u00e1me ani na edukaci majitel\u016f a kvalitn\u00ed servis. Aktu\u00e1ln\u00ed generace Gx emkov\u00fdch BMW postupn\u011b vytla\u010duje dosluhuj\u00edc\u00ed Fx. \u010c\u00edm d\u00e1l \u010dast\u011bji se na trackdays i v na\u0161\u00ed d\u00edln\u011b setk\u00e1v\u00e1me hlavn\u011b s M4 [&hellip;]","og_url":"https:\/\/depocarsandcoffee.cz\/en\/depo\/tuning-a-upravy-bmw-m-gx\/","og_site_name":"DEPO Cars &amp; Coffee","article_published_time":"2025-06-12T08:36:28+00:00","article_modified_time":"2025-08-08T13:17:37+00:00","og_image":[{"width":1633,"height":919,"url":"https:\/\/depocarsandcoffee.cz\/wp-content\/uploads\/2025\/06\/IMG_9036.jpg","type":"image\/jpeg"}],"author":"Ond\u0159ej","twitter_card":"summary_large_image","twitter_misc":{"Written by":"Ond\u0159ej","Est. reading time":"5 minutes"},"schema":{"@context":"https:\/\/schema.org","@graph":[{"@type":"Article","@id":"https:\/\/depocarsandcoffee.cz\/depo\/tuning-a-upravy-bmw-m-gx\/#article","isPartOf":{"@id":"https:\/\/depocarsandcoffee.cz\/depo\/tuning-a-upravy-bmw-m-gx\/"},"author":{"name":"Ond\u0159ej","@id":"https:\/\/depocarsandcoffee.cz\/#\/schema\/person\/254e48e695a19a10aed45d8f7568f367"},"headline":"TUNING A \u00daPRAVY BMW M Gx","datePublished":"2025-06-12T08:36:28+00:00","dateModified":"2025-08-08T13:17:37+00:00","mainEntityOfPage":{"@id":"https:\/\/depocarsandcoffee.cz\/depo\/tuning-a-upravy-bmw-m-gx\/"},"wordCount":1346,"publisher":{"@id":"https:\/\/depocarsandcoffee.cz\/#organization"},"image":{"@id":"https:\/\/depocarsandcoffee.cz\/depo\/tuning-a-upravy-bmw-m-gx\/#primaryimage"},"thumbnailUrl":"https:\/\/depocarsandcoffee.cz\/wp-content\/uploads\/2025\/06\/IMG_9036.jpg","articleSection":["DEPO"],"inLanguage":"en-US"},{"@type":"WebPage","@id":"https:\/\/depocarsandcoffee.cz\/depo\/tuning-a-upravy-bmw-m-gx\/","url":"https:\/\/depocarsandcoffee.cz\/depo\/tuning-a-upravy-bmw-m-gx\/","name":"TUNING A \u00daPRAVY BMW M Gx - DEPO Cars &amp; Coffee","isPartOf":{"@id":"https:\/\/depocarsandcoffee.cz\/#website"},"primaryImageOfPage":{"@id":"https:\/\/depocarsandcoffee.cz\/depo\/tuning-a-upravy-bmw-m-gx\/#primaryimage"},"image":{"@id":"https:\/\/depocarsandcoffee.cz\/depo\/tuning-a-upravy-bmw-m-gx\/#primaryimage"},"thumbnailUrl":"https:\/\/depocarsandcoffee.cz\/wp-content\/uploads\/2025\/06\/IMG_9036.jpg","datePublished":"2025-06-12T08:36:28+00:00","dateModified":"2025-08-08T13:17:37+00:00","breadcrumb":{"@id":"https:\/\/depocarsandcoffee.cz\/depo\/tuning-a-upravy-bmw-m-gx\/#breadcrumb"},"inLanguage":"en-US","potentialAction":[{"@type":"ReadAction","target":["https:\/\/depocarsandcoffee.cz\/depo\/tuning-a-upravy-bmw-m-gx\/"]}]},{"@type":"ImageObject","inLanguage":"en-US","@id":"https:\/\/depocarsandcoffee.cz\/depo\/tuning-a-upravy-bmw-m-gx\/#primaryimage","url":"https:\/\/depocarsandcoffee.cz\/wp-content\/uploads\/2025\/06\/IMG_9036.jpg","contentUrl":"https:\/\/depocarsandcoffee.cz\/wp-content\/uploads\/2025\/06\/IMG_9036.jpg","width":1633,"height":919,"caption":"BMW M3 CS G80 gometrie"},{"@type":"BreadcrumbList","@id":"https:\/\/depocarsandcoffee.cz\/depo\/tuning-a-upravy-bmw-m-gx\/#breadcrumb","itemListElement":[{"@type":"ListItem","position":1,"name":"Home","item":"https:\/\/depocarsandcoffee.cz\/"},{"@type":"ListItem","position":2,"name":"TUNING A \u00daPRAVY BMW M Gx"}]},{"@type":"WebSite","@id":"https:\/\/depocarsandcoffee.cz\/#website","url":"https:\/\/depocarsandcoffee.cz\/","name":"DEPO Cars & Coffee","description":"Your one stop for everything cars.","publisher":{"@id":"https:\/\/depocarsandcoffee.cz\/#organization"},"potentialAction":[{"@type":"SearchAction","target":{"@type":"EntryPoint","urlTemplate":"https:\/\/depocarsandcoffee.cz\/?s={search_term_string}"},"query-input":{"@type":"PropertyValueSpecification","valueRequired":true,"valueName":"search_term_string"}}],"inLanguage":"en-US"},{"@type":"Organization","@id":"https:\/\/depocarsandcoffee.cz\/#organization","name":"DEPO Cars & Coffee","url":"https:\/\/depocarsandcoffee.cz\/","logo":{"@type":"ImageObject","inLanguage":"en-US","@id":"https:\/\/depocarsandcoffee.cz\/#\/schema\/logo\/image\/","url":"https:\/\/depocarsandcoffee.cz\/wp-content\/uploads\/2023\/01\/Primarni-logo@2x.png","contentUrl":"https:\/\/depocarsandcoffee.cz\/wp-content\/uploads\/2023\/01\/Primarni-logo@2x.png","width":409,"height":409,"caption":"DEPO Cars & Coffee"},"image":{"@id":"https:\/\/depocarsandcoffee.cz\/#\/schema\/logo\/image\/"},"sameAs":["http:\/\/instagram.com\/depocarscoffee","https:\/\/www.youtube.com\/channel\/UC21C7JYLMp2jwrSVcU3cbPg"]},{"@type":"Person","@id":"https:\/\/depocarsandcoffee.cz\/#\/schema\/person\/254e48e695a19a10aed45d8f7568f367","name":"Ond\u0159ej","image":{"@type":"ImageObject","inLanguage":"en-US","@id":"https:\/\/depocarsandcoffee.cz\/#\/schema\/person\/image\/","url":"https:\/\/secure.gravatar.com\/avatar\/d9dc50c98f3777c44de2933b0a9ab47825ee5cbe2fa64da3b6c7bb1c4b2eadba?s=96&d=mm&r=g","contentUrl":"https:\/\/secure.gravatar.com\/avatar\/d9dc50c98f3777c44de2933b0a9ab47825ee5cbe2fa64da3b6c7bb1c4b2eadba?s=96&d=mm&r=g","caption":"Ond\u0159ej"},"url":"https:\/\/depocarsandcoffee.cz\/en\/author\/ondrej\/"}]}},"_links":{"self":[{"href":"https:\/\/depocarsandcoffee.cz\/en\/wp-json\/wp\/v2\/posts\/243546","targetHints":{"allow":["GET"]}}],"collection":[{"href":"https:\/\/depocarsandcoffee.cz\/en\/wp-json\/wp\/v2\/posts"}],"about":[{"href":"https:\/\/depocarsandcoffee.cz\/en\/wp-json\/wp\/v2\/types\/post"}],"author":[{"embeddable":true,"href":"https:\/\/depocarsandcoffee.cz\/en\/wp-json\/wp\/v2\/users\/2"}],"replies":[{"embeddable":true,"href":"https:\/\/depocarsandcoffee.cz\/en\/wp-json\/wp\/v2\/comments?post=243546"}],"version-history":[{"count":10,"href":"https:\/\/depocarsandcoffee.cz\/en\/wp-json\/wp\/v2\/posts\/243546\/revisions"}],"predecessor-version":[{"id":243707,"href":"https:\/\/depocarsandcoffee.cz\/en\/wp-json\/wp\/v2\/posts\/243546\/revisions\/243707"}],"wp:featuredmedia":[{"embeddable":true,"href":"https:\/\/depocarsandcoffee.cz\/en\/wp-json\/wp\/v2\/media\/243550"}],"wp:attachment":[{"href":"https:\/\/depocarsandcoffee.cz\/en\/wp-json\/wp\/v2\/media?parent=243546"}],"wp:term":[{"taxonomy":"category","embeddable":true,"href":"https:\/\/depocarsandcoffee.cz\/en\/wp-json\/wp\/v2\/categories?post=243546"},{"taxonomy":"post_tag","embeddable":true,"href":"https:\/\/depocarsandcoffee.cz\/en\/wp-json\/wp\/v2\/tags?post=243546"}],"curies":[{"name":"wp","href":"https:\/\/api.w.org\/{rel}","templated":true}]}}