{"id":243749,"date":"2025-08-18T09:29:48","date_gmt":"2025-08-18T09:29:48","guid":{"rendered":"https:\/\/depocarsandcoffee.cz\/?p=243749"},"modified":"2025-08-18T13:58:29","modified_gmt":"2025-08-18T13:58:29","slug":"jednotka-4x4-syvec-pro-gr-yaris","status":"publish","type":"post","link":"https:\/\/depocarsandcoffee.cz\/en\/depo\/jednotka-4x4-syvec-pro-gr-yaris\/","title":{"rendered":"SYVEC AWD UNIT FOR GR YARIS"},"content":{"rendered":"<p><strong>Pohon v\u0161ech kol je jednou z kl\u00ed\u010dov\u00fdch vlastnost\u00ed, pro\u010d v\u0161ichni milujeme GR Yaris. M\u00e1 v\u0161ak pom\u011brn\u011b velk\u00fd prostor ke zlep\u0161en\u00ed. Sta\u010d\u00ed smyslupln\u00e9 hardwarov\u00e9 a softwarov\u00e9 \u00fapravy a tento sportovn\u00ed hatch jezd\u00ed zcela jinak a l\u00e9pe. Jak na to?<\/strong><\/p>\n\n\n\n<p>Cel\u00e1 \u0159ada novin\u00e1\u0159\u016f, a dokonce i sama automobilka v tiskov\u00fdch materi\u00e1lech uv\u00e1d\u00ed, \u017ee Toyota GR Yaris disponuje trval\u00fdm pohonem v\u0161ech kol. Je to docela slu\u0161n\u00e1 dezinformace, proto\u017ee elektronicky \u0159\u00edzen\u00fd pohon s v\u00edcelamelovou spojkou je pouhou obdobou zn\u00e1m\u00e9ho syst\u00e9mu Haldex. Konstruk\u010dn\u011b je sice men\u0161\u00ed, leh\u010d\u00ed a d\u00edky del\u0161\u00edmu p\u0159evodu zadn\u00edho diferenci\u00e1lu p\u016fsob\u00ed trochu jin\u00fdm dojmem ne\u017e v koncernov\u00fdch autech.<\/p>\n\n\n\n<p>Pro\u010d Toyota pou\u017eila rozd\u00edln\u00e9 p\u0159evody pro p\u0159edn\u00ed a zadn\u00ed diferenci\u00e1l? Je to pom\u011brn\u011b jednoduch\u00fd trik pro dosa\u017een\u00ed p\u0159et\u00e1\u010div\u011bj\u0161\u00ed charakteristiky auta pod pln\u00fdm plynem s v\u00edce zapojenou zadn\u00ed n\u00e1pravou. Zkr\u00e1tka tento trik evokuje pocit st\u00e1l\u00e9ho pohonu v\u0161ech kol bez nutnosti pou\u017eit\u00ed mezin\u00e1pravov\u00e9ho diferenci\u00e1lu, kter\u00fd by mohl s kr\u00e1tk\u00fdm rozvorem v\u00a0hatchbacku zp\u016fsobovat nedot\u00e1\u010divost, a hlavn\u011b zvy\u0161ovat spot\u0159ebu paliva, a tedy i emis\u00ed.<\/p>\n\n\n\n<p>Toto \u0159e\u0161en\u00ed m\u00e1 v\u0161ak celou \u0159adu nedostatk\u016f. K t\u011bm nejpodstatn\u011bj\u0161\u00edm pat\u0159\u00ed p\u0159eh\u0159\u00edv\u00e1n\u00ed mezin\u00e1pravov\u00e9 spojky, jej\u00ed nadm\u011brn\u00e9 opot\u0159eben\u00ed p\u0159i agresivn\u00edm j\u00edzdn\u00edm stylu, a hlavn\u011b reak\u010dn\u00ed doba na hodn\u011b kluzk\u00e9m povrchu, nebo modulace plynov\u00e9ho ped\u00e1lu, kdy spojka rozd\u011bluje to\u010div\u00fd moment v p\u0159eddefinovan\u00fdch pom\u011brech na z\u00e1klad\u011b cel\u00e9 \u0159ady informac\u00ed od \u0159\u00edd\u00edc\u00ed jednotky, kter\u00e9 zpracov\u00e1v\u00e1 jednotka pohonu v\u0161ech kol.<\/p>\n\n\n\n<blockquote class=\"wp-block-quote is-layout-flow wp-block-quote-is-layout-flow\">\n<p><strong>Lamelov\u00fd samosvorn\u00fd diferenci\u00e1l p\u0159en\u00e1\u0161\u00ed to\u010div\u00fd moment na kolo s v\u011bt\u0161\u00ed trakc\u00ed!<\/strong><\/p>\n<\/blockquote>\n\n\n\n<p>Jednodu\u0161e \u0159e\u010deno GR Yaris je auto prim\u00e1rn\u011b s pohonem p\u0159edn\u00edch kol a podle situace a\u00a0pot\u0159eby p\u0159ipojuje kola zadn\u00ed n\u00e1pravy, \u010d\u00edm\u017e pochopiteln\u011b vznikaj\u00ed prodlevy v p\u0159enosu to\u010div\u00e9ho momentu, kter\u00e9 st\u011b\u017euj\u00ed ovladatelnost auta v limitn\u00edch situac\u00edch. Jen\u017ee pr\u00e1v\u011b limitn\u00ed situace a j\u00edzda na hran\u011b je d\u016fvod, pro\u010d si v\u011bt\u0161ina z n\u00e1s kupuje tento poveden\u00fd sportovn\u00ed hatch.<\/p>\n\n\n\n<p>Jak u\u017e to v \u017eivot\u011b automotive sv\u011bta chod\u00ed, ka\u017ed\u00fd probl\u00e9m m\u00e1 \u0159e\u0161en\u00ed! U n\u00e1s v DEPU pohon v\u0161ech kol vylep\u0161ujeme pomoc\u00ed dvou kl\u00ed\u010dov\u00fdch komponent. Tou prvn\u00ed je n\u00e1hrada samosvorn\u00fdch diferenci\u00e1l\u016f Torsen za v\u00fdrazn\u011b schopn\u011bj\u0161\u00ed lamelov\u00fd a druhou programovateln\u00e1 \u0159\u00edd\u00edc\u00ed jednotka pohonu v\u0161ech kol.\u00a0 \u00a0<\/p>\n\n\n\n<p>Pro\u010d nahrazujeme standardn\u011b dod\u00e1van\u00fd samosvorn\u00fd diferenci\u00e1l Torsen? Aktu\u00e1ln\u011b existuj\u00ed t\u0159i typy diferenci\u00e1l\u016f Torsen. Typy A, B a C. Prvn\u00ed dva typy d\u011bl\u00ed p\u0159i b\u011b\u017en\u00e9 j\u00edzd\u011b to\u010div\u00fd moment symetricky. Pou\u017e\u00edvaj\u00ed se bu\u010f na p\u0159edn\u00ed, nebo zadn\u00ed n\u00e1prav\u011b. Torsen typu C je asymetrick\u00fd, pou\u017e\u00edv\u00e1 ho nap\u0159\u00edklad automobilka Audi jako sou\u010d\u00e1st pohonu v\u0161ech kol quattro. Jak asi v\u0161ichni v\u00edte, samosvorn\u00fd diferenci\u00e1l m\u00e1 sv\u00e9 limity.<\/p>\n\n\n\n<figure class=\"wp-block-gallery has-nested-images columns-default is-cropped wp-block-gallery-1 is-layout-flex wp-block-gallery-is-layout-flex\">\n<figure class=\"wp-block-image size-large\"><img loading=\"lazy\" decoding=\"async\" width=\"630\" height=\"1024\" data-id=\"243748\" src=\"https:\/\/depocarsandcoffee.cz\/wp-content\/uploads\/2025\/08\/IMG_6536-630x1024.jpg\" alt=\"Toyota GR Yaris DEPO\" class=\"wp-image-243748\" srcset=\"https:\/\/depocarsandcoffee.cz\/wp-content\/uploads\/2025\/08\/IMG_6536-630x1024.jpg 630w, https:\/\/depocarsandcoffee.cz\/wp-content\/uploads\/2025\/08\/IMG_6536-480x780.jpg 480w\" sizes=\"auto, (min-width: 0px) and (max-width: 480px) 480px, (min-width: 481px) 630px, 100vw\" \/><\/figure>\n\n\n\n<figure class=\"wp-block-image size-large\"><img loading=\"lazy\" decoding=\"async\" width=\"683\" height=\"1024\" data-id=\"243747\" src=\"https:\/\/depocarsandcoffee.cz\/wp-content\/uploads\/2025\/08\/IMG_6521-683x1024.jpg\" alt=\"Toyota GR Yaris DEPO\" class=\"wp-image-243747\"\/><\/figure>\n\n\n\n<figure class=\"wp-block-image size-large\"><img loading=\"lazy\" decoding=\"async\" width=\"683\" height=\"1024\" data-id=\"243746\" src=\"https:\/\/depocarsandcoffee.cz\/wp-content\/uploads\/2025\/08\/IMG_6505-683x1024.jpg\" alt=\"Toyota GR Yaris DEPO\" class=\"wp-image-243746\"\/><\/figure>\n<\/figure>\n\n\n\n<p><\/p>\n\n\n\n<p>V\u0161echny tyto \u0161nekov\u00e9 diferenci\u00e1ly maj\u00ed stejn\u00fd nedostatek, a to neschopnost sv\u00edrat p\u0159i extr\u00e9mn\u011b rozd\u00edln\u00fdch adhezn\u00edch podm\u00ednk\u00e1ch. To znamen\u00e1, \u017ee kdy\u017e jedno z kol nap\u0159\u00edklad zadn\u00ed n\u00e1pravy je na ledu, a druh\u00e9 na sn\u011bhu, tak se diferenci\u00e1l rozpoj\u00ed a za\u010dne se prot\u00e1\u010det kolo na kluz\u010d\u00edm ledu. Stejn\u011b tak diferenci\u00e1l nesv\u00edr\u00e1, pokud se jedno z kol odleh\u010d\u00ed nebo zvedne na nerovnosti nebo horizontu. Doch\u00e1zet k tomu m\u016f\u017ee dokonce i na hladk\u00e9m asfaltu na z\u00e1vodn\u00edm okruhu, kdy\u017e se vnit\u0159n\u00ed kolo odleh\u010d\u00ed. D\u011bje se to hlavn\u011b p\u0159i pou\u017eit\u00ed tu\u017e\u0161\u00edch tlumi\u010d\u016f, pru\u017ein nebo stabiliz\u00e1tor\u016f.<\/p>\n\n\n\n<p>Lamelov\u00fd samosvorn\u00fd diferenci\u00e1l naopak ve v\u00fd\u0161e popsan\u00fdch situac\u00edch p\u0159enese to\u010div\u00fd moment na kolo s v\u011bt\u0161\u00ed trakc\u00ed, tak\u017ee nedoch\u00e1z\u00ed k marn\u00e9mu proto\u010den\u00ed kola bez trakce. To je obrovsk\u00fd bonus nejen pro rychlost, dynamiku j\u00edzdy, ale hlavn\u011b ovladatelnost a bezpe\u010dnost. Bonusem je v\u011bt\u0161\u00ed \u0159idi\u010dsk\u00e1 z\u00e1bava, proto\u017ee GR Yaris s lamelov\u00fdmi samosvorn\u00fdmi diferenci\u00e1ly je j\u00edzdn\u00edm projevem zase o kus bl\u00ed\u017ee aut\u016fm vybaven\u00fdm s trval\u00fdm pohonem v\u0161ech kol bez v\u0161ech negativn\u00edch aspekt\u016f. Podle n\u00e1s v DEPU je pr\u00e1v\u011b n\u00e1hrada diferenci\u00e1l\u016f Torsen za lamelov\u00e9 nejlep\u0161\u00edm upgradem spole\u010dn\u011b s karbonovou li\u017einou, sko\u0159epinov\u00fdmi sedaly a LED rampou pro j\u00edzdu v zasn\u011b\u017een\u00fdch zimn\u00edch m\u011bs\u00edc\u00edch.<\/p>\n\n\n\n<p>Pro toho, kdo chce ze sv\u00e9ho auta dostat maximum, je skv\u011bl\u00fdm dopl\u0148kem lamelov\u00fdch samosvorn\u00fdch diferenci\u00e1l\u016f v\u00fd\u0161e zm\u00edn\u011bn\u00e1 \u0159\u00edd\u00edc\u00ed jednotka pohonu v\u0161ech kol. Pou\u017e\u00edv\u00e1me pln\u011b programovatelnou jednotku britsk\u00e9ho v\u00fdrobce Syvec. Za skv\u011bl\u00fd pom\u011br cena\/v\u00fdkon dostane takto upraven\u00fd GR Yaris trojici n\u00e1mi p\u0159eddefinovan\u00fdch a otestovan\u00fdch map pohonu v\u0161ech kol. Od neutr\u00e1ln\u00edch a\u017e po velmi p\u0159et\u00e1\u010div\u00e9.<\/p>\n\n\n\n<p>Na\u0161e mapy \u0159\u00edd\u00edc\u00ed jednotky Syvec se pom\u011brn\u011b v\u00fdrazn\u011b li\u0161\u00ed pro GR Yaris p\u0159ed faceliftem a po faceliftu. Auto po faceliftu je z na\u0161eho pohledu bez t\u00e9to \u00fapravy prakticky pou\u017eiteln\u00e9 na sn\u011bhu. Prakticky okam\u017eit\u011b po ujet\u00ed 5 km na sn\u011bhu se mezin\u00e1pravov\u00e1 v\u00edcelamelov\u00e1 spojka se standardn\u00edm softwarem za\u010dne p\u0159eh\u0159\u00edvat a z auta se r\u00e1zem stane mizern\u011b ovladateln\u00e1 p\u0159edokolka. Sou\u010d\u00e1st\u00ed jednotky Syvec je ovlada\u010d vyveden\u00fd do st\u0159edov\u00e9ho tunelu a\u00a0potenciometr, d\u00edky n\u011bmu\u017e si \u0159idi\u010d za j\u00edzdy m\u016f\u017ee p\u0159eddefinovan\u00e9 mapy je\u0161t\u011b individualizovat. Jednodu\u0161e \u0159e\u010deno snadno a rychle m\u016f\u017ee m\u011bnit sev\u0159en\u00ed mezin\u00e1pravov\u00e9 v\u00edcelamelov\u00e9 spojky a jej\u00ed projev. Spojka se d\u00e1 dokonce zcela rozpojit pro jej\u00ed ochranu nap\u0159\u00edklad p\u0159i d\u00e1lni\u010dn\u00edch p\u0159esunech nebo servisn\u00ed manipulaci. \u00a0<\/p>\n\n\n\n<p>Co to tedy znamen\u00e1? Z tv\u00e9ho GR Yarise ud\u011bl\u00e1me rychlej\u0161\u00ed, ovladateln\u011bj\u0161\u00ed a z\u00e1rove\u0148 odoln\u011bj\u0161\u00ed auto pro j\u00edzdn\u00ed styl, kter\u00fd slibuje masivn\u00ed marketing tohoto modelu. Chce\u0161 se dozv\u011bd\u011bt v\u00edce nebo otestovat jedno z na\u0161ich aut? <a href=\"https:\/\/depocarsandcoffee.cz\/en\/kontakt\/\">Kontaktuj n\u00e1\u0161 t\u00fdm<\/a>! \u00a0<\/p>\n\n\n\n<p><\/p>\n\n\n\n<p><\/p>\n\n\n\n<figure class=\"wp-block-embed is-type-video is-provider-youtube wp-block-embed-youtube wp-embed-aspect-16-9 wp-has-aspect-ratio\"><div class=\"wp-block-embed__wrapper\">\n<iframe loading=\"lazy\" title=\"KONE\u010cN\u011a FUNGUJE! OPRAVILI JSME GR YARISE PO FACELIFTU | Projekt Yaris | Ep. 007\" width=\"1080\" height=\"608\" src=\"https:\/\/www.youtube.com\/embed\/sdkl3PwgqT4?feature=oembed\"  allow=\"accelerometer; autoplay; clipboard-write; encrypted-media; gyroscope; picture-in-picture; web-share\" referrerpolicy=\"strict-origin-when-cross-origin\" allowfullscreen><\/iframe>\n<\/div><\/figure>","protected":false},"excerpt":{"rendered":"<p>Pohon v\u0161ech kol je jednou z kl\u00ed\u010dov\u00fdch vlastnost\u00ed, pro\u010d v\u0161ichni milujeme GR Yaris. M\u00e1 v\u0161ak pom\u011brn\u011b velk\u00fd prostor ke zlep\u0161en\u00ed. Sta\u010d\u00ed smyslupln\u00e9 hardwarov\u00e9 a softwarov\u00e9 \u00fapravy a tento sportovn\u00ed hatch jezd\u00ed zcela jinak a l\u00e9pe. Jak na to? Cel\u00e1 \u0159ada novin\u00e1\u0159\u016f, a dokonce i sama automobilka v tiskov\u00fdch materi\u00e1lech uv\u00e1d\u00ed, \u017ee Toyota GR Yaris disponuje [&hellip;]<\/p>\n","protected":false},"author":2,"featured_media":243745,"comment_status":"closed","ping_status":"open","sticky":false,"template":"","format":"standard","meta":{"_et_pb_use_builder":"off","_et_pb_old_content":"","_et_gb_content_width":"1080","footnotes":""},"categories":[12],"tags":[],"class_list":["post-243749","post","type-post","status-publish","format-standard","has-post-thumbnail","hentry","category-depo"],"yoast_head":"<!-- This site is optimized with the Yoast SEO plugin v27.0 - https:\/\/yoast.com\/product\/yoast-seo-wordpress\/ -->\n<title>JEDNOTKA AWD SYVEC PRO GR YARIS - DEPO Cars &amp; Coffee<\/title>\n<meta name=\"robots\" content=\"index, follow, max-snippet:-1, max-image-preview:large, max-video-preview:-1\" \/>\n<link rel=\"canonical\" href=\"https:\/\/depocarsandcoffee.cz\/en\/depo\/jednotka-4x4-syvec-pro-gr-yaris\/\" \/>\n<meta property=\"og:locale\" content=\"en_US\" \/>\n<meta property=\"og:type\" content=\"article\" \/>\n<meta property=\"og:title\" content=\"JEDNOTKA AWD SYVEC PRO GR YARIS - DEPO Cars &amp; Coffee\" \/>\n<meta property=\"og:description\" content=\"Pohon v\u0161ech kol je jednou z kl\u00ed\u010dov\u00fdch vlastnost\u00ed, pro\u010d v\u0161ichni milujeme GR Yaris. M\u00e1 v\u0161ak pom\u011brn\u011b velk\u00fd prostor ke zlep\u0161en\u00ed. Sta\u010d\u00ed smyslupln\u00e9 hardwarov\u00e9 a softwarov\u00e9 \u00fapravy a tento sportovn\u00ed hatch jezd\u00ed zcela jinak a l\u00e9pe. Jak na to? Cel\u00e1 \u0159ada novin\u00e1\u0159\u016f, a dokonce i sama automobilka v tiskov\u00fdch materi\u00e1lech uv\u00e1d\u00ed, \u017ee Toyota GR Yaris disponuje [&hellip;]\" \/>\n<meta property=\"og:url\" content=\"https:\/\/depocarsandcoffee.cz\/en\/depo\/jednotka-4x4-syvec-pro-gr-yaris\/\" \/>\n<meta property=\"og:site_name\" content=\"DEPO Cars &amp; Coffee\" \/>\n<meta property=\"article:published_time\" content=\"2025-08-18T09:29:48+00:00\" \/>\n<meta property=\"article:modified_time\" content=\"2025-08-18T13:58:29+00:00\" \/>\n<meta property=\"og:image\" content=\"https:\/\/depocarsandcoffee.cz\/wp-content\/uploads\/2025\/08\/DSC_5948.jpg\" \/>\n\t<meta property=\"og:image:width\" content=\"1500\" \/>\n\t<meta property=\"og:image:height\" content=\"1000\" \/>\n\t<meta property=\"og:image:type\" content=\"image\/jpeg\" \/>\n<meta name=\"author\" content=\"Ond\u0159ej\" \/>\n<meta name=\"twitter:card\" content=\"summary_large_image\" \/>\n<meta name=\"twitter:label1\" content=\"Written by\" \/>\n\t<meta name=\"twitter:data1\" content=\"Ond\u0159ej\" \/>\n\t<meta name=\"twitter:label2\" content=\"Est. reading time\" \/>\n\t<meta name=\"twitter:data2\" content=\"5 minutes\" \/>\n<script type=\"application\/ld+json\" class=\"yoast-schema-graph\">{\"@context\":\"https:\/\/schema.org\",\"@graph\":[{\"@type\":\"Article\",\"@id\":\"https:\/\/depocarsandcoffee.cz\/depo\/jednotka-4x4-syvec-pro-gr-yaris\/#article\",\"isPartOf\":{\"@id\":\"https:\/\/depocarsandcoffee.cz\/depo\/jednotka-4x4-syvec-pro-gr-yaris\/\"},\"author\":{\"name\":\"Ond\u0159ej\",\"@id\":\"https:\/\/depocarsandcoffee.cz\/#\/schema\/person\/254e48e695a19a10aed45d8f7568f367\"},\"headline\":\"JEDNOTKA AWD SYVEC PRO GR YARIS\",\"datePublished\":\"2025-08-18T09:29:48+00:00\",\"dateModified\":\"2025-08-18T13:58:29+00:00\",\"mainEntityOfPage\":{\"@id\":\"https:\/\/depocarsandcoffee.cz\/depo\/jednotka-4x4-syvec-pro-gr-yaris\/\"},\"wordCount\":1078,\"publisher\":{\"@id\":\"https:\/\/depocarsandcoffee.cz\/#organization\"},\"image\":{\"@id\":\"https:\/\/depocarsandcoffee.cz\/depo\/jednotka-4x4-syvec-pro-gr-yaris\/#primaryimage\"},\"thumbnailUrl\":\"https:\/\/depocarsandcoffee.cz\/wp-content\/uploads\/2025\/08\/DSC_5948.jpg\",\"articleSection\":[\"DEPO\"],\"inLanguage\":\"en-US\"},{\"@type\":\"WebPage\",\"@id\":\"https:\/\/depocarsandcoffee.cz\/depo\/jednotka-4x4-syvec-pro-gr-yaris\/\",\"url\":\"https:\/\/depocarsandcoffee.cz\/depo\/jednotka-4x4-syvec-pro-gr-yaris\/\",\"name\":\"JEDNOTKA AWD SYVEC PRO GR YARIS - DEPO Cars &amp; Coffee\",\"isPartOf\":{\"@id\":\"https:\/\/depocarsandcoffee.cz\/#website\"},\"primaryImageOfPage\":{\"@id\":\"https:\/\/depocarsandcoffee.cz\/depo\/jednotka-4x4-syvec-pro-gr-yaris\/#primaryimage\"},\"image\":{\"@id\":\"https:\/\/depocarsandcoffee.cz\/depo\/jednotka-4x4-syvec-pro-gr-yaris\/#primaryimage\"},\"thumbnailUrl\":\"https:\/\/depocarsandcoffee.cz\/wp-content\/uploads\/2025\/08\/DSC_5948.jpg\",\"datePublished\":\"2025-08-18T09:29:48+00:00\",\"dateModified\":\"2025-08-18T13:58:29+00:00\",\"breadcrumb\":{\"@id\":\"https:\/\/depocarsandcoffee.cz\/depo\/jednotka-4x4-syvec-pro-gr-yaris\/#breadcrumb\"},\"inLanguage\":\"en-US\",\"potentialAction\":[{\"@type\":\"ReadAction\",\"target\":[\"https:\/\/depocarsandcoffee.cz\/depo\/jednotka-4x4-syvec-pro-gr-yaris\/\"]}]},{\"@type\":\"ImageObject\",\"inLanguage\":\"en-US\",\"@id\":\"https:\/\/depocarsandcoffee.cz\/depo\/jednotka-4x4-syvec-pro-gr-yaris\/#primaryimage\",\"url\":\"https:\/\/depocarsandcoffee.cz\/wp-content\/uploads\/2025\/08\/DSC_5948.jpg\",\"contentUrl\":\"https:\/\/depocarsandcoffee.cz\/wp-content\/uploads\/2025\/08\/DSC_5948.jpg\",\"width\":1500,\"height\":1000,\"caption\":\"Toyota GR Yaris DEPO GR Four\"},{\"@type\":\"BreadcrumbList\",\"@id\":\"https:\/\/depocarsandcoffee.cz\/depo\/jednotka-4x4-syvec-pro-gr-yaris\/#breadcrumb\",\"itemListElement\":[{\"@type\":\"ListItem\",\"position\":1,\"name\":\"Home\",\"item\":\"https:\/\/depocarsandcoffee.cz\/\"},{\"@type\":\"ListItem\",\"position\":2,\"name\":\"JEDNOTKA AWD SYVEC PRO GR YARIS\"}]},{\"@type\":\"WebSite\",\"@id\":\"https:\/\/depocarsandcoffee.cz\/#website\",\"url\":\"https:\/\/depocarsandcoffee.cz\/\",\"name\":\"DEPO Cars & Coffee\",\"description\":\"Your one stop for everything cars.\",\"publisher\":{\"@id\":\"https:\/\/depocarsandcoffee.cz\/#organization\"},\"potentialAction\":[{\"@type\":\"SearchAction\",\"target\":{\"@type\":\"EntryPoint\",\"urlTemplate\":\"https:\/\/depocarsandcoffee.cz\/?s={search_term_string}\"},\"query-input\":{\"@type\":\"PropertyValueSpecification\",\"valueRequired\":true,\"valueName\":\"search_term_string\"}}],\"inLanguage\":\"en-US\"},{\"@type\":\"Organization\",\"@id\":\"https:\/\/depocarsandcoffee.cz\/#organization\",\"name\":\"DEPO Cars & Coffee\",\"url\":\"https:\/\/depocarsandcoffee.cz\/\",\"logo\":{\"@type\":\"ImageObject\",\"inLanguage\":\"en-US\",\"@id\":\"https:\/\/depocarsandcoffee.cz\/#\/schema\/logo\/image\/\",\"url\":\"https:\/\/depocarsandcoffee.cz\/wp-content\/uploads\/2023\/01\/Primarni-logo@2x.png\",\"contentUrl\":\"https:\/\/depocarsandcoffee.cz\/wp-content\/uploads\/2023\/01\/Primarni-logo@2x.png\",\"width\":409,\"height\":409,\"caption\":\"DEPO Cars & Coffee\"},\"image\":{\"@id\":\"https:\/\/depocarsandcoffee.cz\/#\/schema\/logo\/image\/\"},\"sameAs\":[\"http:\/\/instagram.com\/depocarscoffee\",\"https:\/\/www.youtube.com\/channel\/UC21C7JYLMp2jwrSVcU3cbPg\"]},{\"@type\":\"Person\",\"@id\":\"https:\/\/depocarsandcoffee.cz\/#\/schema\/person\/254e48e695a19a10aed45d8f7568f367\",\"name\":\"Ond\u0159ej\",\"image\":{\"@type\":\"ImageObject\",\"inLanguage\":\"en-US\",\"@id\":\"https:\/\/depocarsandcoffee.cz\/#\/schema\/person\/image\/\",\"url\":\"https:\/\/secure.gravatar.com\/avatar\/d9dc50c98f3777c44de2933b0a9ab47825ee5cbe2fa64da3b6c7bb1c4b2eadba?s=96&d=mm&r=g\",\"contentUrl\":\"https:\/\/secure.gravatar.com\/avatar\/d9dc50c98f3777c44de2933b0a9ab47825ee5cbe2fa64da3b6c7bb1c4b2eadba?s=96&d=mm&r=g\",\"caption\":\"Ond\u0159ej\"},\"url\":\"https:\/\/depocarsandcoffee.cz\/en\/author\/ondrej\/\"}]}<\/script>\n<!-- \/ Yoast SEO plugin. -->","yoast_head_json":{"title":"JEDNOTKA AWD SYVEC PRO GR YARIS - DEPO Cars &amp; Coffee","robots":{"index":"index","follow":"follow","max-snippet":"max-snippet:-1","max-image-preview":"max-image-preview:large","max-video-preview":"max-video-preview:-1"},"canonical":"https:\/\/depocarsandcoffee.cz\/en\/depo\/jednotka-4x4-syvec-pro-gr-yaris\/","og_locale":"en_US","og_type":"article","og_title":"JEDNOTKA AWD SYVEC PRO GR YARIS - DEPO Cars &amp; Coffee","og_description":"Pohon v\u0161ech kol je jednou z kl\u00ed\u010dov\u00fdch vlastnost\u00ed, pro\u010d v\u0161ichni milujeme GR Yaris. M\u00e1 v\u0161ak pom\u011brn\u011b velk\u00fd prostor ke zlep\u0161en\u00ed. Sta\u010d\u00ed smyslupln\u00e9 hardwarov\u00e9 a softwarov\u00e9 \u00fapravy a tento sportovn\u00ed hatch jezd\u00ed zcela jinak a l\u00e9pe. Jak na to? Cel\u00e1 \u0159ada novin\u00e1\u0159\u016f, a dokonce i sama automobilka v tiskov\u00fdch materi\u00e1lech uv\u00e1d\u00ed, \u017ee Toyota GR Yaris disponuje [&hellip;]","og_url":"https:\/\/depocarsandcoffee.cz\/en\/depo\/jednotka-4x4-syvec-pro-gr-yaris\/","og_site_name":"DEPO Cars &amp; Coffee","article_published_time":"2025-08-18T09:29:48+00:00","article_modified_time":"2025-08-18T13:58:29+00:00","og_image":[{"width":1500,"height":1000,"url":"https:\/\/depocarsandcoffee.cz\/wp-content\/uploads\/2025\/08\/DSC_5948.jpg","type":"image\/jpeg"}],"author":"Ond\u0159ej","twitter_card":"summary_large_image","twitter_misc":{"Written by":"Ond\u0159ej","Est. reading time":"5 minutes"},"schema":{"@context":"https:\/\/schema.org","@graph":[{"@type":"Article","@id":"https:\/\/depocarsandcoffee.cz\/depo\/jednotka-4x4-syvec-pro-gr-yaris\/#article","isPartOf":{"@id":"https:\/\/depocarsandcoffee.cz\/depo\/jednotka-4x4-syvec-pro-gr-yaris\/"},"author":{"name":"Ond\u0159ej","@id":"https:\/\/depocarsandcoffee.cz\/#\/schema\/person\/254e48e695a19a10aed45d8f7568f367"},"headline":"JEDNOTKA AWD SYVEC PRO GR YARIS","datePublished":"2025-08-18T09:29:48+00:00","dateModified":"2025-08-18T13:58:29+00:00","mainEntityOfPage":{"@id":"https:\/\/depocarsandcoffee.cz\/depo\/jednotka-4x4-syvec-pro-gr-yaris\/"},"wordCount":1078,"publisher":{"@id":"https:\/\/depocarsandcoffee.cz\/#organization"},"image":{"@id":"https:\/\/depocarsandcoffee.cz\/depo\/jednotka-4x4-syvec-pro-gr-yaris\/#primaryimage"},"thumbnailUrl":"https:\/\/depocarsandcoffee.cz\/wp-content\/uploads\/2025\/08\/DSC_5948.jpg","articleSection":["DEPO"],"inLanguage":"en-US"},{"@type":"WebPage","@id":"https:\/\/depocarsandcoffee.cz\/depo\/jednotka-4x4-syvec-pro-gr-yaris\/","url":"https:\/\/depocarsandcoffee.cz\/depo\/jednotka-4x4-syvec-pro-gr-yaris\/","name":"JEDNOTKA AWD SYVEC PRO GR YARIS - DEPO Cars &amp; Coffee","isPartOf":{"@id":"https:\/\/depocarsandcoffee.cz\/#website"},"primaryImageOfPage":{"@id":"https:\/\/depocarsandcoffee.cz\/depo\/jednotka-4x4-syvec-pro-gr-yaris\/#primaryimage"},"image":{"@id":"https:\/\/depocarsandcoffee.cz\/depo\/jednotka-4x4-syvec-pro-gr-yaris\/#primaryimage"},"thumbnailUrl":"https:\/\/depocarsandcoffee.cz\/wp-content\/uploads\/2025\/08\/DSC_5948.jpg","datePublished":"2025-08-18T09:29:48+00:00","dateModified":"2025-08-18T13:58:29+00:00","breadcrumb":{"@id":"https:\/\/depocarsandcoffee.cz\/depo\/jednotka-4x4-syvec-pro-gr-yaris\/#breadcrumb"},"inLanguage":"en-US","potentialAction":[{"@type":"ReadAction","target":["https:\/\/depocarsandcoffee.cz\/depo\/jednotka-4x4-syvec-pro-gr-yaris\/"]}]},{"@type":"ImageObject","inLanguage":"en-US","@id":"https:\/\/depocarsandcoffee.cz\/depo\/jednotka-4x4-syvec-pro-gr-yaris\/#primaryimage","url":"https:\/\/depocarsandcoffee.cz\/wp-content\/uploads\/2025\/08\/DSC_5948.jpg","contentUrl":"https:\/\/depocarsandcoffee.cz\/wp-content\/uploads\/2025\/08\/DSC_5948.jpg","width":1500,"height":1000,"caption":"Toyota GR Yaris DEPO GR Four"},{"@type":"BreadcrumbList","@id":"https:\/\/depocarsandcoffee.cz\/depo\/jednotka-4x4-syvec-pro-gr-yaris\/#breadcrumb","itemListElement":[{"@type":"ListItem","position":1,"name":"Home","item":"https:\/\/depocarsandcoffee.cz\/"},{"@type":"ListItem","position":2,"name":"JEDNOTKA AWD SYVEC PRO GR YARIS"}]},{"@type":"WebSite","@id":"https:\/\/depocarsandcoffee.cz\/#website","url":"https:\/\/depocarsandcoffee.cz\/","name":"DEPO Cars & Coffee","description":"Your one stop for everything cars.","publisher":{"@id":"https:\/\/depocarsandcoffee.cz\/#organization"},"potentialAction":[{"@type":"SearchAction","target":{"@type":"EntryPoint","urlTemplate":"https:\/\/depocarsandcoffee.cz\/?s={search_term_string}"},"query-input":{"@type":"PropertyValueSpecification","valueRequired":true,"valueName":"search_term_string"}}],"inLanguage":"en-US"},{"@type":"Organization","@id":"https:\/\/depocarsandcoffee.cz\/#organization","name":"DEPO Cars & Coffee","url":"https:\/\/depocarsandcoffee.cz\/","logo":{"@type":"ImageObject","inLanguage":"en-US","@id":"https:\/\/depocarsandcoffee.cz\/#\/schema\/logo\/image\/","url":"https:\/\/depocarsandcoffee.cz\/wp-content\/uploads\/2023\/01\/Primarni-logo@2x.png","contentUrl":"https:\/\/depocarsandcoffee.cz\/wp-content\/uploads\/2023\/01\/Primarni-logo@2x.png","width":409,"height":409,"caption":"DEPO Cars & Coffee"},"image":{"@id":"https:\/\/depocarsandcoffee.cz\/#\/schema\/logo\/image\/"},"sameAs":["http:\/\/instagram.com\/depocarscoffee","https:\/\/www.youtube.com\/channel\/UC21C7JYLMp2jwrSVcU3cbPg"]},{"@type":"Person","@id":"https:\/\/depocarsandcoffee.cz\/#\/schema\/person\/254e48e695a19a10aed45d8f7568f367","name":"Ond\u0159ej","image":{"@type":"ImageObject","inLanguage":"en-US","@id":"https:\/\/depocarsandcoffee.cz\/#\/schema\/person\/image\/","url":"https:\/\/secure.gravatar.com\/avatar\/d9dc50c98f3777c44de2933b0a9ab47825ee5cbe2fa64da3b6c7bb1c4b2eadba?s=96&d=mm&r=g","contentUrl":"https:\/\/secure.gravatar.com\/avatar\/d9dc50c98f3777c44de2933b0a9ab47825ee5cbe2fa64da3b6c7bb1c4b2eadba?s=96&d=mm&r=g","caption":"Ond\u0159ej"},"url":"https:\/\/depocarsandcoffee.cz\/en\/author\/ondrej\/"}]}},"_links":{"self":[{"href":"https:\/\/depocarsandcoffee.cz\/en\/wp-json\/wp\/v2\/posts\/243749","targetHints":{"allow":["GET"]}}],"collection":[{"href":"https:\/\/depocarsandcoffee.cz\/en\/wp-json\/wp\/v2\/posts"}],"about":[{"href":"https:\/\/depocarsandcoffee.cz\/en\/wp-json\/wp\/v2\/types\/post"}],"author":[{"embeddable":true,"href":"https:\/\/depocarsandcoffee.cz\/en\/wp-json\/wp\/v2\/users\/2"}],"replies":[{"embeddable":true,"href":"https:\/\/depocarsandcoffee.cz\/en\/wp-json\/wp\/v2\/comments?post=243749"}],"version-history":[{"count":3,"href":"https:\/\/depocarsandcoffee.cz\/en\/wp-json\/wp\/v2\/posts\/243749\/revisions"}],"predecessor-version":[{"id":243754,"href":"https:\/\/depocarsandcoffee.cz\/en\/wp-json\/wp\/v2\/posts\/243749\/revisions\/243754"}],"wp:featuredmedia":[{"embeddable":true,"href":"https:\/\/depocarsandcoffee.cz\/en\/wp-json\/wp\/v2\/media\/243745"}],"wp:attachment":[{"href":"https:\/\/depocarsandcoffee.cz\/en\/wp-json\/wp\/v2\/media?parent=243749"}],"wp:term":[{"taxonomy":"category","embeddable":true,"href":"https:\/\/depocarsandcoffee.cz\/en\/wp-json\/wp\/v2\/categories?post=243749"},{"taxonomy":"post_tag","embeddable":true,"href":"https:\/\/depocarsandcoffee.cz\/en\/wp-json\/wp\/v2\/tags?post=243749"}],"curies":[{"name":"wp","href":"https:\/\/api.w.org\/{rel}","templated":true}]}}